{"id":37698,"date":"2023-11-28T21:55:33","date_gmt":"2023-11-29T03:55:33","guid":{"rendered":"https:\/\/elconspirador.com.mx\/?p=37698"},"modified":"2023-11-28T20:04:47","modified_gmt":"2023-11-29T02:04:47","slug":"lleva-la-capital-mi-queretaro-lindo-a-pie-de-gallo","status":"publish","type":"post","link":"https:\/\/elconspirador.com.mx\/?p=37698","title":{"rendered":"LLEVA LA CAPITAL \u201cMI QUER\u00c9TARO LINDO\u201d A PIE DE GALLO"},"content":{"rendered":"<p>&nbsp;<\/p>\n<p>Con la finalidad de mejorar la imagen urbana y garantizar el mantenimiento de espacios p\u00fablicos dignos en favor de la tranquilidad de las familias en las colonias de la capital, brigadas de trabajadores de Servicios P\u00fablicos, Obras P\u00fablicas, Desarrollo Humano y Social, Movilidad y de la Delegaci\u00f3n Santa Rosa J\u00e1uregui, acudieron a la comunidad de Pie de Gallo para llevar a cabo la jornada del programa \u201cMi Quer\u00e9taro Lindo\u201d.<\/p>\n<p>En compa\u00f1\u00eda de vecinas y vecinos de la comunidad, Juana Paula Olvera Ortiz, Presidenta del Comit\u00e9 Comunitario de Pie de Gallo de la delegaci\u00f3n Santa Rosa J\u00e1uregui, se\u00f1al\u00f3 que este es un ejercicio de corresponsabilidad entre las y los ciudadanos y las autoridades municipales para cuidar y mantener la imagen urbana de la zona y que se mejor\u00f3 gracias a una jornada de bacheo, la colocaci\u00f3n de luminarias, el barrido y desmalezado de \u00e1reas p\u00fablicas, la colocaci\u00f3n de se\u00f1al\u00e9tica vertical, la recolecci\u00f3n de tiliches, el pintado de guarniciones y la rehabilitaci\u00f3n y pintado de topes y banquetas.<\/p>\n<p>\u201cTratamos de involucrar a las familias para que nos apoyen en esta jornada ya que muchos ahorita est\u00e1n trabajando pero los que estamos aqu\u00ed nos est\u00e1n apoyando y est\u00e1 muy bien que nos tengan en cuenta ya que es una comunidad un poco alejada. Siempre nos han apoyado entonces le damos las gracias al Presidente por tenernos siempre en cuenta\u201d, indic\u00f3.<\/p>\n<p>En la jornada de este martes tambi\u00e9n estuvieron presentes: el Coordinador de Gabinete, Miguel Antonio Parrodi Espinosa; el Secretario de Desarrollo Humano y Social, Arturo Torres Guti\u00e9rrez; la Secretaria de Obras P\u00fablicas, Oriana L\u00f3pez Castillo; as\u00ed como el delegado de Santa Rosa J\u00e1uregui, Alejandro Rodr\u00edguez Lugo.<\/p>\n<p>La campa\u00f1a \u201cMi Quer\u00e9taro Lindo\u201d surgi\u00f3 como un esfuerzo interinstitucional que involucra a las Secretar\u00edas y Delegaciones del Municipio de Quer\u00e9taro con las y los ciudadanos, para mejorar la imagen urbana de m\u00e1s de 400 colonias.<\/p>\n","protected":false},"excerpt":{"rendered":"<p>&nbsp; Con la finalidad de mejorar la imagen urbana y garantizar el mantenimiento de espacios p\u00fablicos dignos en favor de la tranquilidad de las familias en las colonias de la capital, brigadas de trabajadores de Servicios P\u00fablicos, Obras P\u00fablicas, Desarrollo Humano y Social, Movilidad y de la Delegaci\u00f3n Santa Rosa J\u00e1uregui, acudieron a la comunidad de Pie de Gallo para<\/p>\n<div class=\"h10\"><\/div>\n<p><a class=\"more-link2 flat\" href=\"https:\/\/elconspirador.com.mx\/?p=37698\">Leer m\u00e1s<\/a><\/p>\n","protected":false},"author":1,"featured_media":37699,"comment_status":"open","ping_status":"open","sticky":false,"template":"","format":"standard","meta":{"om_disable_all_campaigns":false,"_uf_show_specific_survey":0,"_uf_disable_surveys":false},"categories":[1],"tags":[],"aioseo_notices":[],"_links":{"self":[{"href":"https:\/\/elconspirador.com.mx\/index.php?rest_route=\/wp\/v2\/posts\/37698"}],"collection":[{"href":"https:\/\/elconspirador.com.mx\/index.php?rest_route=\/wp\/v2\/posts"}],"about":[{"href":"https:\/\/elconspirador.com.mx\/index.php?rest_route=\/wp\/v2\/types\/post"}],"author":[{"embeddable":true,"href":"https:\/\/elconspirador.com.mx\/index.php?rest_route=\/wp\/v2\/users\/1"}],"replies":[{"embeddable":true,"href":"https:\/\/elconspirador.com.mx\/index.php?rest_route=%2Fwp%2Fv2%2Fcomments&post=37698"}],"version-history":[{"count":1,"href":"https:\/\/elconspirador.com.mx\/index.php?rest_route=\/wp\/v2\/posts\/37698\/revisions"}],"predecessor-version":[{"id":37700,"href":"https:\/\/elconspirador.com.mx\/index.php?rest_route=\/wp\/v2\/posts\/37698\/revisions\/37700"}],"wp:featuredmedia":[{"embeddable":true,"href":"https:\/\/elconspirador.com.mx\/index.php?rest_route=\/wp\/v2\/media\/37699"}],"wp:attachment":[{"href":"https:\/\/elconspirador.com.mx\/index.php?rest_route=%2Fwp%2Fv2%2Fmedia&parent=37698"}],"wp:term":[{"taxonomy":"category","embeddable":true,"href":"https:\/\/elconspirador.com.mx\/index.php?rest_route=%2Fwp%2Fv2%2Fcategories&post=37698"},{"taxonomy":"post_tag","embeddable":true,"href":"https:\/\/elconspirador.com.mx\/index.php?rest_route=%2Fwp%2Fv2%2Ftags&post=37698"}],"curies":[{"name":"wp","href":"https:\/\/api.w.org\/{rel}","templated":true}]}}