{"id":37742,"date":"2023-11-29T21:31:10","date_gmt":"2023-11-30T03:31:10","guid":{"rendered":"https:\/\/elconspirador.com.mx\/?p=37742"},"modified":"2023-11-29T21:31:10","modified_gmt":"2023-11-30T03:31:10","slug":"corregidora-se-viste-de-navidad","status":"publish","type":"post","link":"https:\/\/elconspirador.com.mx\/?p=37742","title":{"rendered":"CORREGIDORA SE VISTE DE NAVIDAD"},"content":{"rendered":"<p>Habitantes del municipio de Corregidora y visitantes podr\u00e1n disfrutar de m\u00e1s de 1,100 adornos luminosos alusivos a la Navidad que permanecer\u00e1n colocados en vialidades y espacios p\u00fablicos a partir de los \u00faltimos d\u00edas de noviembre hasta el 7 de enero del 2024, dio a conocer Omar Herrera Maya, secretario de Servicios P\u00fablicos Municipales, quien invit\u00f3 a la ciudadan\u00eda al encendido del \u00c1rbol de Navidad, que llevar\u00e1 a cabo el presidente municipal, Roberto Sosa Pichardo, el 1 de diciembre, en el Jard\u00edn Principal de El Pueblito.<\/p>\n<p>Indic\u00f3 que entre las vialidades que ser\u00e1n adornadas con detalles luminosos est\u00e1n Constituyentes, Fray Eulalio, Don Bosco, Josefa Ortiz de Dom\u00ednguez y Heroico Colegio Militar; adem\u00e1s, de que zonas de mayor afluencia tambi\u00e9n contar\u00e1n con este tipo de decoraci\u00f3n.<\/p>\n<p>\u201cDe igual manera las fachadas de lo que es el Museo Anbanica, el andador Fco. I. Madero, el Jard\u00edn Principal, el kiosco que est\u00e1 en el Jard\u00edn Principal, el kiosco de Miguel Hidalgo y el puente de Tejeda; las plazas Gran Cu\u00e9 y el Jard\u00edn Principal van a tener diversos elementos 3D. En total son m\u00e1s de 1,100 elementos luminosos los que vamos a tener distribuidos aqu\u00ed en el municipio para que las familias y todas las personas puedan venir, tomarse fotos, pasar un momento ameno\u201d, precis\u00f3.<\/p>\n<p>Detall\u00f3 que en la Plaza Gran Cu\u00e9 habr\u00e1 elementos navide\u00f1os 3D, en donde las personas podr\u00e1n tomar fotograf\u00edas teniendo como fondo la Pir\u00e1mide de El Cerrito. Puntualiz\u00f3 que tanto los habitantes del municipio como los visitantes podr\u00e1n disfrutar de estos adornos a partir de la tercera semana de noviembre hasta el 7 de enero del pr\u00f3ximo a\u00f1o.<\/p>\n<p>\u201cVamos a tener un Santa Claus de dos metros y medio, junto con algunos otros elementos de hasta 3.80, renos de 1.50 para que las personas se puedan tomar ah\u00ed fotos, y los estamos acomodando precisamente para que den el marco ah\u00ed con la pir\u00e1mide, que se sepa que est\u00e1n aqu\u00ed en Corregidora, que luzca tambi\u00e9n nuestra pir\u00e1mide majestuosa que tenemos aqu\u00ed en el municipio\u201d, se\u00f1al\u00f3.<\/p>\n<p>Resalt\u00f3 que, a petici\u00f3n de la ciudadan\u00eda y cumpliendo el compromiso del Alcalde, el \u00c1rbol de Navidad volver\u00e1 a ser colocado en el Jard\u00edn Principal de El Pueblito. Resalt\u00f3 que el a\u00f1o pasado el \u00e1rbol tuvo una altura de 10 metros y que para ocasi\u00f3n el adorno navide\u00f1o tendr\u00e1 una altura superior a los 14 metros, adem\u00e1s de que ser\u00e1 colocado un nacimiento de tama\u00f1o natural conformado por 13 piezas.<\/p>\n<p>Indic\u00f3 que el presidente municipal, Roberto Sosa Pichardo, har\u00e1 el encendido del \u00e1rbol el 1 de diciembre, para lo cual invit\u00f3 a la ciudadan\u00eda a ser parte de este evento con el cual se da inicio a una de las temporadas m\u00e1s esperadas, en donde la uni\u00f3n familiar y la convivencia se refuerza. Adem\u00e1s de ello, dijo, los asistentes podr\u00e1n aprovechar el bazar navide\u00f1o que llevar\u00e1 el Sistema Municipal para el Desarrollo Integral de la Familia (SMDIF).<\/p>\n<p>\u201cQue vengan. Invitar a todas las familias a que vengan a disfrutar esto que la verdad que lo pensamos much\u00edsimo para que sean espacios iluminados en donde puedan tener la mayor visibilidad y que puedan tener los mejores \u00e1ngulos para sus fotograf\u00edas, que realmente son momentos en familia, en armon\u00eda y que son recuerdos para toda la vida\u201d, comparti\u00f3 el secretario.<\/p>\n","protected":false},"excerpt":{"rendered":"<p>Habitantes del municipio de Corregidora y visitantes podr\u00e1n disfrutar de m\u00e1s de 1,100 adornos luminosos alusivos a la Navidad que permanecer\u00e1n colocados en vialidades y espacios p\u00fablicos a partir de los \u00faltimos d\u00edas de noviembre hasta el 7 de enero del 2024, dio a conocer Omar Herrera Maya, secretario de Servicios P\u00fablicos Municipales, quien invit\u00f3 a la ciudadan\u00eda al encendido<\/p>\n<div class=\"h10\"><\/div>\n<p><a class=\"more-link2 flat\" href=\"https:\/\/elconspirador.com.mx\/?p=37742\">Leer m\u00e1s<\/a><\/p>\n","protected":false},"author":1,"featured_media":37743,"comment_status":"open","ping_status":"open","sticky":false,"template":"","format":"standard","meta":{"om_disable_all_campaigns":false,"_uf_show_specific_survey":0,"_uf_disable_surveys":false},"categories":[1],"tags":[],"aioseo_notices":[],"_links":{"self":[{"href":"https:\/\/elconspirador.com.mx\/index.php?rest_route=\/wp\/v2\/posts\/37742"}],"collection":[{"href":"https:\/\/elconspirador.com.mx\/index.php?rest_route=\/wp\/v2\/posts"}],"about":[{"href":"https:\/\/elconspirador.com.mx\/index.php?rest_route=\/wp\/v2\/types\/post"}],"author":[{"embeddable":true,"href":"https:\/\/elconspirador.com.mx\/index.php?rest_route=\/wp\/v2\/users\/1"}],"replies":[{"embeddable":true,"href":"https:\/\/elconspirador.com.mx\/index.php?rest_route=%2Fwp%2Fv2%2Fcomments&post=37742"}],"version-history":[{"count":1,"href":"https:\/\/elconspirador.com.mx\/index.php?rest_route=\/wp\/v2\/posts\/37742\/revisions"}],"predecessor-version":[{"id":37744,"href":"https:\/\/elconspirador.com.mx\/index.php?rest_route=\/wp\/v2\/posts\/37742\/revisions\/37744"}],"wp:featuredmedia":[{"embeddable":true,"href":"https:\/\/elconspirador.com.mx\/index.php?rest_route=\/wp\/v2\/media\/37743"}],"wp:attachment":[{"href":"https:\/\/elconspirador.com.mx\/index.php?rest_route=%2Fwp%2Fv2%2Fmedia&parent=37742"}],"wp:term":[{"taxonomy":"category","embeddable":true,"href":"https:\/\/elconspirador.com.mx\/index.php?rest_route=%2Fwp%2Fv2%2Fcategories&post=37742"},{"taxonomy":"post_tag","embeddable":true,"href":"https:\/\/elconspirador.com.mx\/index.php?rest_route=%2Fwp%2Fv2%2Ftags&post=37742"}],"curies":[{"name":"wp","href":"https:\/\/api.w.org\/{rel}","templated":true}]}}