{"id":37749,"date":"2023-11-30T09:19:47","date_gmt":"2023-11-30T15:19:47","guid":{"rendered":"https:\/\/elconspirador.com.mx\/?p=37749"},"modified":"2023-11-30T09:19:47","modified_gmt":"2023-11-30T15:19:47","slug":"promueven-productos-queretanos-en-tiendas-oxxo","status":"publish","type":"post","link":"https:\/\/elconspirador.com.mx\/?p=37749","title":{"rendered":"PROMUEVEN PRODUCTOS QUERETANOS EN TIENDAS OXXO"},"content":{"rendered":"<p>&nbsp;<\/p>\n<p>El Presidente Municipal de Quer\u00e9taro, Luis Nava, encabez\u00f3 la presentaci\u00f3n del distintivo \u201cHecho en Quer\u00e9taro\u201d, que gracias a la iniciativa del Regidor Carlos Habacuc Uvalle, implement\u00f3 la cadena OXXO en apoyo a los emprendedores locales con la venta inicial de 11 productos locales en 30 tiendas.<\/p>\n<p>\u201cLo que se est\u00e1 exponiendo en este anaquel, es justamente de lo que somos capaces en Quer\u00e9taro porqu\u00e9 las y los queretanos somos emprendedores, somos innovadores, somos creativos y muy trabajadores. Y para muestra est\u00e1n los productos que se presentan en estos m\u00f3dulos y gracias a su calidad, se merecen y se han ganado un espacio en las tiendas OXXO, una cadena que adem\u00e1s garantiza los mejores est\u00e1ndares de calidad de los productos que ponen en venta\u201d, expres\u00f3 el Presidente Municipal.<\/p>\n<p>Luis Nava resalt\u00f3 la calidad de los productos que a partir de hoy se exhiben en los anaqueles de OXXO y la disposici\u00f3n de la cadena para comercializarlos, pues con ello no s\u00f3lo se impulsa el crecimiento de las empresas locales, sino que tambi\u00e9n hacen la diferencia en la generaci\u00f3n de empleos y el fortalecimiento de la econom\u00eda de la ciudad.<\/p>\n<p>El Regidor Carlos Habacuc subray\u00f3 que esta iniciativa requiri\u00f3 un a\u00f1o de mesas de trabajo con directivos de OXXO, y que adem\u00e1s de beneficiar a las y los emprendedores, busca fortalecer las cadenas econ\u00f3micas y productivas de proveedores locales, promoviendo un desarrollo econ\u00f3mico incluyente y sostenible en Quer\u00e9taro. Adem\u00e1s agradeci\u00f3 el apoyo del Presidente Municipal para impulsar el crecimiento de los emprendedores y proveedores queretanos con capacitaciones y apoyos.<\/p>\n<p>C\u00e9sar Alejandro Ortega Gam\u00edz, Gerente Regional de OXXO, reconoci\u00f3 la visi\u00f3n de futuro y el compromiso de la administraci\u00f3n que encabeza Luis Nava con el desarrollo de Quer\u00e9taro, reiterando tambi\u00e9n la disposici\u00f3n de OXXO para aliarse en este distintivo &#8220;Hecho en Quer\u00e9taro&#8221; como una muestra de la calidad, modernidad e innovaci\u00f3n, que beneficiar\u00e1 tanto a las y los queretanos como a los proveedores locales.<\/p>\n<p>En esta primera etapa, se exhibir\u00e1n 11 marcas queretanas que van desde alimentos, bebidas y productos varios, en 30 tiendas OXXO. Las marcas son: Jappi, Bruma Gourmet, D\u00b4Litias, Deli Roots, Meligil, Benji Vegan Gourmet, Alif, Piel Morena, L\u00b4Flo by Dan, Buho Soda y Shaddai.<\/p>\n","protected":false},"excerpt":{"rendered":"<p>&nbsp; El Presidente Municipal de Quer\u00e9taro, Luis Nava, encabez\u00f3 la presentaci\u00f3n del distintivo \u201cHecho en Quer\u00e9taro\u201d, que gracias a la iniciativa del Regidor Carlos Habacuc Uvalle, implement\u00f3 la cadena OXXO en apoyo a los emprendedores locales con la venta inicial de 11 productos locales en 30 tiendas. \u201cLo que se est\u00e1 exponiendo en este anaquel, es justamente de lo que<\/p>\n<div class=\"h10\"><\/div>\n<p><a class=\"more-link2 flat\" href=\"https:\/\/elconspirador.com.mx\/?p=37749\">Leer m\u00e1s<\/a><\/p>\n","protected":false},"author":1,"featured_media":37750,"comment_status":"open","ping_status":"open","sticky":false,"template":"","format":"standard","meta":{"om_disable_all_campaigns":false,"_uf_show_specific_survey":0,"_uf_disable_surveys":false},"categories":[1],"tags":[],"aioseo_notices":[],"_links":{"self":[{"href":"https:\/\/elconspirador.com.mx\/index.php?rest_route=\/wp\/v2\/posts\/37749"}],"collection":[{"href":"https:\/\/elconspirador.com.mx\/index.php?rest_route=\/wp\/v2\/posts"}],"about":[{"href":"https:\/\/elconspirador.com.mx\/index.php?rest_route=\/wp\/v2\/types\/post"}],"author":[{"embeddable":true,"href":"https:\/\/elconspirador.com.mx\/index.php?rest_route=\/wp\/v2\/users\/1"}],"replies":[{"embeddable":true,"href":"https:\/\/elconspirador.com.mx\/index.php?rest_route=%2Fwp%2Fv2%2Fcomments&post=37749"}],"version-history":[{"count":1,"href":"https:\/\/elconspirador.com.mx\/index.php?rest_route=\/wp\/v2\/posts\/37749\/revisions"}],"predecessor-version":[{"id":37751,"href":"https:\/\/elconspirador.com.mx\/index.php?rest_route=\/wp\/v2\/posts\/37749\/revisions\/37751"}],"wp:featuredmedia":[{"embeddable":true,"href":"https:\/\/elconspirador.com.mx\/index.php?rest_route=\/wp\/v2\/media\/37750"}],"wp:attachment":[{"href":"https:\/\/elconspirador.com.mx\/index.php?rest_route=%2Fwp%2Fv2%2Fmedia&parent=37749"}],"wp:term":[{"taxonomy":"category","embeddable":true,"href":"https:\/\/elconspirador.com.mx\/index.php?rest_route=%2Fwp%2Fv2%2Fcategories&post=37749"},{"taxonomy":"post_tag","embeddable":true,"href":"https:\/\/elconspirador.com.mx\/index.php?rest_route=%2Fwp%2Fv2%2Ftags&post=37749"}],"curies":[{"name":"wp","href":"https:\/\/api.w.org\/{rel}","templated":true}]}}