{"id":37760,"date":"2023-11-29T16:27:55","date_gmt":"2023-11-29T22:27:55","guid":{"rendered":"https:\/\/elconspirador.com.mx\/?p=37760"},"modified":"2023-11-29T16:27:55","modified_gmt":"2023-11-29T22:27:55","slug":"instala-uaq-lactarios-en-campus-serranos","status":"publish","type":"post","link":"https:\/\/elconspirador.com.mx\/?p=37760","title":{"rendered":"INSTALA UAQ LACTARIOS EN CAMPUS SERRANOS"},"content":{"rendered":"<p>Autoridades de la Universidad Aut\u00f3noma de Quer\u00e9taro (UAQ) acompa\u00f1aron a la comunidad del campus Jalpan de Serra en la inauguraci\u00f3n de la Sala de Lactancia Materna, ubicada en las instalaciones del programa de Enfermer\u00eda en Salud Integral (ENSAIN) de la Facultad de Enfermer\u00eda de esta Unidad Regional, que brindar\u00e1 servicio a estudiantes, docentes y personal administrativo. Asimismo, en Arroyo Seco se entregaron equipos para el lactario que se proyecta en el campus Conc\u00e1.<\/p>\n<p>Durante su visita, Teresa Garc\u00eda Gasca, rectora de la M\u00e1xima Casa de Estudios de la entidad felicit\u00f3 esta iniciativa y afirm\u00f3 que esto se suma a las acciones que se construyen en este sentido en pro de las mujeres universitarias y a las estrategias de cuidados en la Universidad.<\/p>\n<p>&#8220;Son acciones importantes y afirmativas con respecto a la visibilizaci\u00f3n de las necesidades particulares de las mujeres, sobre todo aquellas que son madres y que muchas veces por estas razones abandonan sus proyectos, sus estudios&#8221;, expres\u00f3 Garc\u00eda Gasca.<\/p>\n<p>Por su parte, \u00a0Carlos Murillo C\u00e1rdenas, director General del campus Jalpan de Serra, agradeci\u00f3 a la Lic. Miriam Rubio Maldonado, enlace de la Unidad de Atenci\u00f3n de Violencia de G\u00e9nero, en Jalpan; as\u00ed como a la Dra. Bereth Lorena Ram\u00edrez Islas, responsable de esta Sala, por su trabajo e intervenci\u00f3n en la concresi\u00f3n de este proyecto.<\/p>\n<p>Estas iniciativas, impulsadas desde la Dependencia de Educaci\u00f3n Superior (DES) Semidesierto-Sierra Gorda, surgen a partir de las necesidades detectadas en ambos campus y servir\u00e1n tambi\u00e9n para impulsar los derechos de las mujeres dentro de los espacios acad\u00e9micos y laborales.<\/p>\n<p>&nbsp;<\/p>\n<p>Este lugar generar\u00e1, adem\u00e1s, un mensaje de sensibilizaci\u00f3n y avanzar como sitios incluyentes, sum\u00e1ndose a los ya instalados en las facultades de Filosof\u00eda, Ciencias Naturales y Contadur\u00eda y Administraci\u00f3n, en la Zona Metropolitana.<\/p>\n<p>&nbsp;<\/p>\n<p>Por otra parte, se dio a conocer que aunado a este proyecto se pretende ubicar en el campus un <span dir=\"ltr\">Centro Recolector de Leche Humana para<\/span> promover la donaci\u00f3n de este alimento y ayudar a madres y beb\u00e9s que lo requieran, asimismo, colaborar en esta tarea con el Hospital General de Jalpan y beneficiar a las infancias de la zona serrana.<\/p>\n<p>&nbsp;<\/p>\n<p>En cuanto a la Sala de Lactancia en Conc\u00e1, el Mtro. Ad\u00e1n Mercado Luna, coordinador General del campus, agradeci\u00f3 este equipamiento que formar\u00e1 parte de este lugar y que ser\u00e1 importante para la comunidad UAQ.<\/p>\n","protected":false},"excerpt":{"rendered":"<p>Autoridades de la Universidad Aut\u00f3noma de Quer\u00e9taro (UAQ) acompa\u00f1aron a la comunidad del campus Jalpan de Serra en la inauguraci\u00f3n de la Sala de Lactancia Materna, ubicada en las instalaciones del programa de Enfermer\u00eda en Salud Integral (ENSAIN) de la Facultad de Enfermer\u00eda de esta Unidad Regional, que brindar\u00e1 servicio a estudiantes, docentes y personal administrativo. Asimismo, en Arroyo Seco<\/p>\n<div class=\"h10\"><\/div>\n<p><a class=\"more-link2 flat\" href=\"https:\/\/elconspirador.com.mx\/?p=37760\">Leer m\u00e1s<\/a><\/p>\n","protected":false},"author":1,"featured_media":37761,"comment_status":"open","ping_status":"open","sticky":false,"template":"","format":"standard","meta":{"om_disable_all_campaigns":false,"_uf_show_specific_survey":0,"_uf_disable_surveys":false},"categories":[1],"tags":[],"aioseo_notices":[],"_links":{"self":[{"href":"https:\/\/elconspirador.com.mx\/index.php?rest_route=\/wp\/v2\/posts\/37760"}],"collection":[{"href":"https:\/\/elconspirador.com.mx\/index.php?rest_route=\/wp\/v2\/posts"}],"about":[{"href":"https:\/\/elconspirador.com.mx\/index.php?rest_route=\/wp\/v2\/types\/post"}],"author":[{"embeddable":true,"href":"https:\/\/elconspirador.com.mx\/index.php?rest_route=\/wp\/v2\/users\/1"}],"replies":[{"embeddable":true,"href":"https:\/\/elconspirador.com.mx\/index.php?rest_route=%2Fwp%2Fv2%2Fcomments&post=37760"}],"version-history":[{"count":1,"href":"https:\/\/elconspirador.com.mx\/index.php?rest_route=\/wp\/v2\/posts\/37760\/revisions"}],"predecessor-version":[{"id":37762,"href":"https:\/\/elconspirador.com.mx\/index.php?rest_route=\/wp\/v2\/posts\/37760\/revisions\/37762"}],"wp:featuredmedia":[{"embeddable":true,"href":"https:\/\/elconspirador.com.mx\/index.php?rest_route=\/wp\/v2\/media\/37761"}],"wp:attachment":[{"href":"https:\/\/elconspirador.com.mx\/index.php?rest_route=%2Fwp%2Fv2%2Fmedia&parent=37760"}],"wp:term":[{"taxonomy":"category","embeddable":true,"href":"https:\/\/elconspirador.com.mx\/index.php?rest_route=%2Fwp%2Fv2%2Fcategories&post=37760"},{"taxonomy":"post_tag","embeddable":true,"href":"https:\/\/elconspirador.com.mx\/index.php?rest_route=%2Fwp%2Fv2%2Ftags&post=37760"}],"curies":[{"name":"wp","href":"https:\/\/api.w.org\/{rel}","templated":true}]}}