{"id":37763,"date":"2023-11-29T16:36:26","date_gmt":"2023-11-29T22:36:26","guid":{"rendered":"https:\/\/elconspirador.com.mx\/?p=37763"},"modified":"2023-11-29T16:36:26","modified_gmt":"2023-11-29T22:36:26","slug":"sheinbaum-aseguro-que-amlo-no-le-da-linea","status":"publish","type":"post","link":"https:\/\/elconspirador.com.mx\/?p=37763","title":{"rendered":"SHEINBAUM ASEGUR\u00d3 QUE AMLO NO LE DA \u201cL\u00cdNEA\u201d"},"content":{"rendered":"<p>La precandidata de Morena a la presidencia de la Rep\u00fablica en las elecciones 2024, Claudia Sheinbaum, neg\u00f3 haber acudido a Palacio Nacional para \u201crecibir l\u00ednea\u201d del presidente Andr\u00e9s Manuel L\u00f3pez Obrador.<\/p>\n<p>Mediante un video publicado en su cuenta oficial de X, la ex jefa de Gobierno de la Ciudad de M\u00e9xico (CDMX) aclar\u00f3 las dudas sobre su encuentro del martes con el presidente L\u00f3pez Obrador y agreg\u00f3 que \u201cquienes se dicen feministas\u201d la atacan.<\/p>\n<p>\u201cYa saben lo que dicen \u201cfue a que le dieran l\u00ednea\u201d, porque eso s\u00ed, son muy buenos para decir \u201csomos feministas\u201d, \u201clas mujeres piensan por s\u00ed mismas\u201d. Ah, pero en el caso de Claudia \u201cella no piensa, ella solamente recibe l\u00ednea\u201d, repech\u00f3 en relaci\u00f3n con las declaraciones de X\u00f3chitl G\u00e1lvez.<\/p>\n<p>Sheinbaum dijo que acudi\u00f3 a Palacio Nacional \u201ca dejar unos documentos\u201d y aprovech\u00f3 que el presidente L\u00f3pez Obrador se encontraba en el inmueble para saludarlo, preguntarle sobre su salud y su familia.<\/p>\n<p>\u201cMe dijeron : est\u00e1 el presidente. Entonces pas\u00e9 a verlo. Lo salud\u00e9, me hab\u00edan dicho que estaba mal del pie. Pas\u00e9 a ver c\u00f3mo estaba. Estaba muy bien la verdad, muy tranquilo, contento. Aprovech\u00e9 para preguntarle por Beatriz, despu\u00e9s por Jes\u00fas, obviamente, y \u00e9l me pregunt\u00f3 por mis hijos, por mi nieto Pablito, y pues platicamos un rato. En realidad la vida cotidiana\u201d, refiri\u00f3.<\/p>\n<p>Claudia Sheinbaum expres\u00f3 que su relaci\u00f3n con el jefe del Ejecutivo es de compa\u00f1eros y amigos.<\/p>\n","protected":false},"excerpt":{"rendered":"<p>La precandidata de Morena a la presidencia de la Rep\u00fablica en las elecciones 2024, Claudia Sheinbaum, neg\u00f3 haber acudido a Palacio Nacional para \u201crecibir l\u00ednea\u201d del presidente Andr\u00e9s Manuel L\u00f3pez Obrador. Mediante un video publicado en su cuenta oficial de X, la ex jefa de Gobierno de la Ciudad de M\u00e9xico (CDMX) aclar\u00f3 las dudas sobre su encuentro del martes<\/p>\n<div class=\"h10\"><\/div>\n<p><a class=\"more-link2 flat\" href=\"https:\/\/elconspirador.com.mx\/?p=37763\">Leer m\u00e1s<\/a><\/p>\n","protected":false},"author":1,"featured_media":37764,"comment_status":"open","ping_status":"open","sticky":false,"template":"","format":"standard","meta":{"om_disable_all_campaigns":false,"_uf_show_specific_survey":0,"_uf_disable_surveys":false},"categories":[1],"tags":[],"aioseo_notices":[],"_links":{"self":[{"href":"https:\/\/elconspirador.com.mx\/index.php?rest_route=\/wp\/v2\/posts\/37763"}],"collection":[{"href":"https:\/\/elconspirador.com.mx\/index.php?rest_route=\/wp\/v2\/posts"}],"about":[{"href":"https:\/\/elconspirador.com.mx\/index.php?rest_route=\/wp\/v2\/types\/post"}],"author":[{"embeddable":true,"href":"https:\/\/elconspirador.com.mx\/index.php?rest_route=\/wp\/v2\/users\/1"}],"replies":[{"embeddable":true,"href":"https:\/\/elconspirador.com.mx\/index.php?rest_route=%2Fwp%2Fv2%2Fcomments&post=37763"}],"version-history":[{"count":1,"href":"https:\/\/elconspirador.com.mx\/index.php?rest_route=\/wp\/v2\/posts\/37763\/revisions"}],"predecessor-version":[{"id":37765,"href":"https:\/\/elconspirador.com.mx\/index.php?rest_route=\/wp\/v2\/posts\/37763\/revisions\/37765"}],"wp:featuredmedia":[{"embeddable":true,"href":"https:\/\/elconspirador.com.mx\/index.php?rest_route=\/wp\/v2\/media\/37764"}],"wp:attachment":[{"href":"https:\/\/elconspirador.com.mx\/index.php?rest_route=%2Fwp%2Fv2%2Fmedia&parent=37763"}],"wp:term":[{"taxonomy":"category","embeddable":true,"href":"https:\/\/elconspirador.com.mx\/index.php?rest_route=%2Fwp%2Fv2%2Fcategories&post=37763"},{"taxonomy":"post_tag","embeddable":true,"href":"https:\/\/elconspirador.com.mx\/index.php?rest_route=%2Fwp%2Fv2%2Ftags&post=37763"}],"curies":[{"name":"wp","href":"https:\/\/api.w.org\/{rel}","templated":true}]}}