{"id":37769,"date":"2023-11-29T19:14:48","date_gmt":"2023-11-30T01:14:48","guid":{"rendered":"https:\/\/elconspirador.com.mx\/?p=37769"},"modified":"2023-11-29T19:14:48","modified_gmt":"2023-11-30T01:14:48","slug":"vamos-a-recuperar-los-trenes-de-pasajeros-sheinbaum","status":"publish","type":"post","link":"https:\/\/elconspirador.com.mx\/?p=37769","title":{"rendered":"VAMOS A RECUPERAR LOS TRENES DE PASAJEROS: SHEINBAUM"},"content":{"rendered":"<p>Claudia Sheinbaum Pardo, precandidata \u00fanica de la coalici\u00f3n \u201cSigamos Haciendo Historia\u201d a la presidencia de la Rep\u00fablica, destac\u00f3 que, desde el d\u00eda uno de su gobierno, se recuperar\u00e1n los trenes de pasajeros, incluido el que pasa por el estado de Quer\u00e9taro.<\/p>\n<p>Lo anterior, durante un encuentro con militancia y simpatizantes de Morena en San Juan del R\u00edo, donde destac\u00f3 que los trenes de pasajeros generan desarrollo y bienestar.<\/p>\n<p>\u201cCuando lleguemos, porque vamos a llegar, claro que vamos a llegar, vamos a recuperar los trenes de pasajeros, en M\u00e9xico, en Quer\u00e9taro, va a ser una realidad, lo vamos a hacer desde el principio, desde que lleguemos\u201d, dijo.<\/p>\n<p>La morenista subray\u00f3 que, seg\u00fan varias encuestas, se encuentra 25 puntos arriba de la aspirante de la oposici\u00f3n X\u00f3chitl G\u00e1lvez, esto debido a que su candidatura representa al partido Movimiento Regeneraci\u00f3n Nacional (Morena) y al pueblo de M\u00e9xico.<\/p>\n<p>La aspirante presidencial destac\u00f3 algunos de los logros de la administraci\u00f3n de Andr\u00e9s Manuel L\u00f3pez Obrador como la pensi\u00f3n para personas adultas mayores y con discapacidad, as\u00ed como las becas para estudiantes; adem\u00e1s, enfatiz\u00f3 los resultados que tuvo como jefa de gobierno de la Ciudad de M\u00e9xico, aunado a que refiri\u00f3 que uno de sus sue\u00f1os es contar con m\u00e1s universidades.<\/p>\n<p>\u201cEn la Ciudad de M\u00e9xico hice una beca universal para todos los ni\u00f1os y ni\u00f1as, un mill\u00f3n 200 mil ni\u00f1os y ni\u00f1as, y mi sue\u00f1o es que todos los ni\u00f1os y ni\u00f1as que van a escuela p\u00fablica en San Juan del R\u00edo y en Quer\u00e9taro puedan tener su beca\u201d, extern\u00f3.<\/p>\n<p>Sheinbaum Pardo record\u00f3 que, tras el fraude electoral, visit\u00f3 en distintas ocasiones el estado de Quer\u00e9taro, adem\u00e1s de que ha participado en diversas actividades en la entidad, donde haca falta contar con m\u00e1s universidades, por lo que refiri\u00f3 que uno de sus sue\u00f1os es la construcci\u00f3n de m\u00e1s instituciones de nivel superior, adem\u00e1s de consolidar el sistema de salud.<\/p>\n<p>En el evento estuvo acompa\u00f1ada de Gerardo Fern\u00e1ndez Noro\u00f1a, coordinador de enlace con organizaciones civiles y sociales; Rufina Ben\u00edtez Estrada, presidenta de Morena en Quer\u00e9taro; Sinuh\u00e9 Piedragil Ortiz, delegado estatal de Claudia Sheinbaum; Ricardo Astudillo Su\u00e1rez, presidente del PVEM; y Jorge Salazar Marchan, comisionado estatal del PT en Quer\u00e9taro.<\/p>\n","protected":false},"excerpt":{"rendered":"<p>Claudia Sheinbaum Pardo, precandidata \u00fanica de la coalici\u00f3n \u201cSigamos Haciendo Historia\u201d a la presidencia de la Rep\u00fablica, destac\u00f3 que, desde el d\u00eda uno de su gobierno, se recuperar\u00e1n los trenes de pasajeros, incluido el que pasa por el estado de Quer\u00e9taro. Lo anterior, durante un encuentro con militancia y simpatizantes de Morena en San Juan del R\u00edo, donde destac\u00f3 que<\/p>\n<div class=\"h10\"><\/div>\n<p><a class=\"more-link2 flat\" href=\"https:\/\/elconspirador.com.mx\/?p=37769\">Leer m\u00e1s<\/a><\/p>\n","protected":false},"author":1,"featured_media":37770,"comment_status":"open","ping_status":"open","sticky":false,"template":"","format":"standard","meta":{"om_disable_all_campaigns":false,"_uf_show_specific_survey":0,"_uf_disable_surveys":false},"categories":[1],"tags":[],"aioseo_notices":[],"_links":{"self":[{"href":"https:\/\/elconspirador.com.mx\/index.php?rest_route=\/wp\/v2\/posts\/37769"}],"collection":[{"href":"https:\/\/elconspirador.com.mx\/index.php?rest_route=\/wp\/v2\/posts"}],"about":[{"href":"https:\/\/elconspirador.com.mx\/index.php?rest_route=\/wp\/v2\/types\/post"}],"author":[{"embeddable":true,"href":"https:\/\/elconspirador.com.mx\/index.php?rest_route=\/wp\/v2\/users\/1"}],"replies":[{"embeddable":true,"href":"https:\/\/elconspirador.com.mx\/index.php?rest_route=%2Fwp%2Fv2%2Fcomments&post=37769"}],"version-history":[{"count":1,"href":"https:\/\/elconspirador.com.mx\/index.php?rest_route=\/wp\/v2\/posts\/37769\/revisions"}],"predecessor-version":[{"id":37771,"href":"https:\/\/elconspirador.com.mx\/index.php?rest_route=\/wp\/v2\/posts\/37769\/revisions\/37771"}],"wp:featuredmedia":[{"embeddable":true,"href":"https:\/\/elconspirador.com.mx\/index.php?rest_route=\/wp\/v2\/media\/37770"}],"wp:attachment":[{"href":"https:\/\/elconspirador.com.mx\/index.php?rest_route=%2Fwp%2Fv2%2Fmedia&parent=37769"}],"wp:term":[{"taxonomy":"category","embeddable":true,"href":"https:\/\/elconspirador.com.mx\/index.php?rest_route=%2Fwp%2Fv2%2Fcategories&post=37769"},{"taxonomy":"post_tag","embeddable":true,"href":"https:\/\/elconspirador.com.mx\/index.php?rest_route=%2Fwp%2Fv2%2Ftags&post=37769"}],"curies":[{"name":"wp","href":"https:\/\/api.w.org\/{rel}","templated":true}]}}