{"id":37779,"date":"2023-11-30T08:03:08","date_gmt":"2023-11-30T14:03:08","guid":{"rendered":"https:\/\/elconspirador.com.mx\/?p=37779"},"modified":"2023-11-30T08:03:08","modified_gmt":"2023-11-30T14:03:08","slug":"cambiara-forma-de-evaluacion-en-educacion-basica","status":"publish","type":"post","link":"https:\/\/elconspirador.com.mx\/?p=37779","title":{"rendered":"CAMBIAR\u00c1 FORMA DE EVALUACI\u00d3N EN EDUCACI\u00d3N B\u00c1SICA"},"content":{"rendered":"<p>La SEP public\u00f3 en el Diario Oficial de la Federaci\u00f3n el acuerdo n\u00famero 10\/09\/23 por el que se establecen las normas generales para la evaluaci\u00f3n del aprendizaje, acreditaci\u00f3n, promoci\u00f3n, regularizaci\u00f3n y certificaci\u00f3n de las alumnas y los alumnos de educaci\u00f3n preescolar, primaria y secundaria, donde se detallan los cambios para este ciclo escolar que inici\u00f3 el pasado 28 de agosto y tendr\u00e1 190 d\u00edas de duraci\u00f3n.<\/p>\n<p>De acuerdo con en el DPF, a evaluaci\u00f3n de aprendizajes ser\u00e1 competencia exclusiva del personal docente y se realizar\u00e1 con base en las evidencias de todo el proceso de ense\u00f1anza-aprendizaje, con el prop\u00f3sito de que las y los maestros determinen los mejores modos de continuar el proceso educativo y decidir sobre la promoci\u00f3n de los estudiantes al siguiente grado o nivel educativo.<\/p>\n<p>En este ciclo escolar habr\u00e1 tres evaluaciones parciales, una por cada periodo de evaluaci\u00f3n, y una final y los resultados se dar\u00e1n a conocer a estudiantes, madres, padres o tutores. En la boleta de evaluaci\u00f3n se informar\u00e1 el resultado de la evaluaci\u00f3n del aprendizaje, seg\u00fan corresponda, a cada grado y nivel de la educaci\u00f3n preescolar, primaria y secundaria.<\/p>\n<p>La boleta de evaluaci\u00f3n para los tres niveles de Educaci\u00f3n B\u00e1sica deber\u00e1 contener la siguiente informaci\u00f3n:<\/p>\n<p>Nombre de la alumna o del alumno, nivel educativo y grado escolar que cursa.<br \/>\nDatos de identificaci\u00f3n de la instituci\u00f3n educativa o del servicio educativo en el que se realizan los estudios.<br \/>\nNombre del personal docente responsable de registro.<br \/>\nAsistencia, entendida como el n\u00famero de d\u00edas que la alumna o el alumno asisti\u00f3 a la escuela; se utiliza como referente para la reflexi\u00f3n del personal docente, los responsables de registro, madres, padres de familia o tutoras(es), alumnas y alumnos, sin embargo, no se considera como criterio para la acreditaci\u00f3n.<\/p>\n<p>En la Fase 2. Educaci\u00f3n preescolar se incluir\u00e1n, adem\u00e1s, los siguientes datos:<\/p>\n<p>Los Campos formativos, y<br \/>\nObservaciones y sugerencias sobre los aprendizajes por cada uno de los Campos formativos, en cada periodo de evaluaci\u00f3n.<br \/>\nEn las Fases 3, 4 y 5. Educaci\u00f3n primaria se incluir\u00e1n, adem\u00e1s, los siguientes datos:<\/p>\n<p>Los Campos formativos:<\/p>\n<p>Para cada uno de los Campos formativos, tres evaluaciones parciales, una por cada periodo de evaluaci\u00f3n, y una final, y<br \/>\nObservaciones y sugerencias sobre los aprendizajes por cada uno de los Campos formativos, en cada periodo de evaluaci\u00f3n.<br \/>\nEn la Fase 6. Educaci\u00f3n secundaria se incluir\u00e1n, adem\u00e1s, los siguientes datos:<\/p>\n<p>Las disciplinas que conforman los Campos formativos:<\/p>\n<p>Lenguajes: espa\u00f1ol, lengua ind\u00edgena como lengua materna, lengua ind\u00edgena como lengua secundaria, ingl\u00e9s y artes<br \/>\nSaberes y pensamiento cient\u00edfico: matem\u00e1ticas, ciencias<br \/>\n\u00c9tica, naturaleza y sociedades: formaci\u00f3n c\u00edvica y \u00e9tica, historia y geograf\u00eda<br \/>\nDe lo humano y lo comunitario: educaci\u00f3n f\u00edsica, tecnolog\u00eda, educaci\u00f3n socioemocional.<\/p>\n","protected":false},"excerpt":{"rendered":"<p>La SEP public\u00f3 en el Diario Oficial de la Federaci\u00f3n el acuerdo n\u00famero 10\/09\/23 por el que se establecen las normas generales para la evaluaci\u00f3n del aprendizaje, acreditaci\u00f3n, promoci\u00f3n, regularizaci\u00f3n y certificaci\u00f3n de las alumnas y los alumnos de educaci\u00f3n preescolar, primaria y secundaria, donde se detallan los cambios para este ciclo escolar que inici\u00f3 el pasado 28 de agosto<\/p>\n<div class=\"h10\"><\/div>\n<p><a class=\"more-link2 flat\" href=\"https:\/\/elconspirador.com.mx\/?p=37779\">Leer m\u00e1s<\/a><\/p>\n","protected":false},"author":1,"featured_media":37780,"comment_status":"open","ping_status":"open","sticky":false,"template":"","format":"standard","meta":{"om_disable_all_campaigns":false,"_uf_show_specific_survey":0,"_uf_disable_surveys":false},"categories":[1],"tags":[],"aioseo_notices":[],"_links":{"self":[{"href":"https:\/\/elconspirador.com.mx\/index.php?rest_route=\/wp\/v2\/posts\/37779"}],"collection":[{"href":"https:\/\/elconspirador.com.mx\/index.php?rest_route=\/wp\/v2\/posts"}],"about":[{"href":"https:\/\/elconspirador.com.mx\/index.php?rest_route=\/wp\/v2\/types\/post"}],"author":[{"embeddable":true,"href":"https:\/\/elconspirador.com.mx\/index.php?rest_route=\/wp\/v2\/users\/1"}],"replies":[{"embeddable":true,"href":"https:\/\/elconspirador.com.mx\/index.php?rest_route=%2Fwp%2Fv2%2Fcomments&post=37779"}],"version-history":[{"count":1,"href":"https:\/\/elconspirador.com.mx\/index.php?rest_route=\/wp\/v2\/posts\/37779\/revisions"}],"predecessor-version":[{"id":37781,"href":"https:\/\/elconspirador.com.mx\/index.php?rest_route=\/wp\/v2\/posts\/37779\/revisions\/37781"}],"wp:featuredmedia":[{"embeddable":true,"href":"https:\/\/elconspirador.com.mx\/index.php?rest_route=\/wp\/v2\/media\/37780"}],"wp:attachment":[{"href":"https:\/\/elconspirador.com.mx\/index.php?rest_route=%2Fwp%2Fv2%2Fmedia&parent=37779"}],"wp:term":[{"taxonomy":"category","embeddable":true,"href":"https:\/\/elconspirador.com.mx\/index.php?rest_route=%2Fwp%2Fv2%2Fcategories&post=37779"},{"taxonomy":"post_tag","embeddable":true,"href":"https:\/\/elconspirador.com.mx\/index.php?rest_route=%2Fwp%2Fv2%2Ftags&post=37779"}],"curies":[{"name":"wp","href":"https:\/\/api.w.org\/{rel}","templated":true}]}}