{"id":37814,"date":"2023-12-01T07:48:35","date_gmt":"2023-12-01T13:48:35","guid":{"rendered":"https:\/\/elconspirador.com.mx\/?p=37814"},"modified":"2023-12-01T07:48:35","modified_gmt":"2023-12-01T13:48:35","slug":"verastegui-llama-asesina-a-periodista-queretana","status":"publish","type":"post","link":"https:\/\/elconspirador.com.mx\/?p=37814","title":{"rendered":"VER\u00c1STEGUI LLAMA \u201cASESINA\u201d A PERIODISTA QUERETANA"},"content":{"rendered":"<p style=\"font-weight: 300;\">El aspirante a la candidatura independiente, Eduardo Ver\u00e1stegui, llam\u00f3 \u201casesina\u201d a una periodista que le cuestion\u00f3 sobre el aborto, argumentando que no importaban las semanas que la ley establec\u00eda, ya que para \u00e9l, las mujeres pro aborto eran asesinas \u201ccon todo respeto\u201d.<\/p>\n<p style=\"font-weight: 300;\">Durante su gira por Quer\u00e9taro para continuar con la recolecci\u00f3n de firmas, el actor y pol\u00edtico habl\u00f3 sobre su postura de ser el \u00fanico aspirante a la presidencia de M\u00e9xico en ser pro-vida y coment\u00f3 que se trata del pensamiento de una gran cantidad de personas que no se sienten representados con la p\u00e9rdida de valores.<\/p>\n<p style=\"font-weight: 300;\">Al ser cuestionado por una de las periodistas que cubr\u00eda la rueda, el aspirante mostr\u00f3 su preocupaci\u00f3n por que las leyes pro aborto avancen cada vez en M\u00e9xico y pregunt\u00f3 hasta qu\u00e9 mes ser\u00eda necesario permitir el aborto.<\/p>\n<p style=\"font-weight: 300;\">-Yo te pregunto a ti, \u00bftu est\u00e1s a favor del aborto a partir de qu\u00e9 mes? \u2013 cuestion\u00f3 a la reportera.<\/p>\n<p style=\"font-weight: 300;\">-Hasta las 12 semanas como est\u00e1 legalizado \u2013 respondi\u00f3 ella.<\/p>\n<p style=\"font-weight: 300;\">-Ok, hasta la semana doce \u00bfy la semana trece? \u2013 revir\u00f3<\/p>\n<p style=\"font-weight: 300;\">-No se puede.<\/p>\n<p style=\"font-weight: 300;\">-Pero si se pudiera \u00bfestuvieras de acuerdo?<\/p>\n<p style=\"font-weight: 300;\">-A lo que haga falta \u2013 dijo la reportera.<\/p>\n<p style=\"font-weight: 300;\">&#8211; \u00bfA los 6 meses?<\/p>\n<p style=\"font-weight: 300;\">&#8211; A los que haga falta &#8211;\u00a0 insisti\u00f3.<\/p>\n<p style=\"font-weight: 300;\">&#8211; \u00bfA los 9 meses?<\/p>\n<p style=\"font-weight: 300;\">&#8211; A los que haga falta<\/p>\n<p style=\"font-weight: 300;\">-No, pues entonces eres una asesina \u2013 confirm\u00f3.<\/p>\n<p style=\"font-weight: 300;\">Al respecto, expres\u00f3 que la defensa de la vida se trata de preservar los valores que muchas personas de M\u00e9xico comparten y pidi\u00f3 a los medios de comunicaci\u00f3n no asegurar que la postura pro aborto es una ideolog\u00eda de las mujeres, pues dijo, el movimiento pro vida ha sido impulsado en su gran mayor\u00eda precisamente por mujeres, por lo que dijo, no se puede hablar de generalizar.<\/p>\n<p style=\"font-weight: 300;\">\u201cQue si el beb\u00e9 nace, pero si los pap\u00e1s ya no lo quieren, podr\u00e1n de mutuo acuerdo decidir en los primeros tres meses de nacido y habr\u00e1 una historia que te cuenten\u2026 te van a conmover, te van a hacer llorar por medio de una historia, una pel\u00edcula para que el beb\u00e9 no sufra, y m\u00e1s de uno va a caer en esa trampa y luego va a ser un debate, est\u00e1s a favor del derecho de los padres a decidir del nacido y va a haber m\u00e1s de uno que diga, s\u00ed yo estoy por los derechos y as\u00ed van cayendo, el aborto era impensable\u201d, dijo.<\/p>\n","protected":false},"excerpt":{"rendered":"<p>El aspirante a la candidatura independiente, Eduardo Ver\u00e1stegui, llam\u00f3 \u201casesina\u201d a una periodista que le cuestion\u00f3 sobre el aborto, argumentando que no importaban las semanas que la ley establec\u00eda, ya que para \u00e9l, las mujeres pro aborto eran asesinas \u201ccon todo respeto\u201d. Durante su gira por Quer\u00e9taro para continuar con la recolecci\u00f3n de firmas, el actor y pol\u00edtico habl\u00f3 sobre<\/p>\n<div class=\"h10\"><\/div>\n<p><a class=\"more-link2 flat\" href=\"https:\/\/elconspirador.com.mx\/?p=37814\">Leer m\u00e1s<\/a><\/p>\n","protected":false},"author":1,"featured_media":37815,"comment_status":"open","ping_status":"open","sticky":false,"template":"","format":"standard","meta":{"om_disable_all_campaigns":false,"_uf_show_specific_survey":0,"_uf_disable_surveys":false},"categories":[1],"tags":[],"aioseo_notices":[],"_links":{"self":[{"href":"https:\/\/elconspirador.com.mx\/index.php?rest_route=\/wp\/v2\/posts\/37814"}],"collection":[{"href":"https:\/\/elconspirador.com.mx\/index.php?rest_route=\/wp\/v2\/posts"}],"about":[{"href":"https:\/\/elconspirador.com.mx\/index.php?rest_route=\/wp\/v2\/types\/post"}],"author":[{"embeddable":true,"href":"https:\/\/elconspirador.com.mx\/index.php?rest_route=\/wp\/v2\/users\/1"}],"replies":[{"embeddable":true,"href":"https:\/\/elconspirador.com.mx\/index.php?rest_route=%2Fwp%2Fv2%2Fcomments&post=37814"}],"version-history":[{"count":2,"href":"https:\/\/elconspirador.com.mx\/index.php?rest_route=\/wp\/v2\/posts\/37814\/revisions"}],"predecessor-version":[{"id":37848,"href":"https:\/\/elconspirador.com.mx\/index.php?rest_route=\/wp\/v2\/posts\/37814\/revisions\/37848"}],"wp:featuredmedia":[{"embeddable":true,"href":"https:\/\/elconspirador.com.mx\/index.php?rest_route=\/wp\/v2\/media\/37815"}],"wp:attachment":[{"href":"https:\/\/elconspirador.com.mx\/index.php?rest_route=%2Fwp%2Fv2%2Fmedia&parent=37814"}],"wp:term":[{"taxonomy":"category","embeddable":true,"href":"https:\/\/elconspirador.com.mx\/index.php?rest_route=%2Fwp%2Fv2%2Fcategories&post=37814"},{"taxonomy":"post_tag","embeddable":true,"href":"https:\/\/elconspirador.com.mx\/index.php?rest_route=%2Fwp%2Fv2%2Ftags&post=37814"}],"curies":[{"name":"wp","href":"https:\/\/api.w.org\/{rel}","templated":true}]}}