{"id":37915,"date":"2023-12-03T13:03:05","date_gmt":"2023-12-03T19:03:05","guid":{"rendered":"https:\/\/elconspirador.com.mx\/?p=37915"},"modified":"2023-12-03T13:03:05","modified_gmt":"2023-12-03T19:03:05","slug":"nieto-va-por-mayores-espacios-de-las-mujeres-en-queretaro","status":"publish","type":"post","link":"https:\/\/elconspirador.com.mx\/?p=37915","title":{"rendered":"NIETO VA POR MAYORES ESPACIOS DE LAS MUJERES EN QUER\u00c9TARO"},"content":{"rendered":"<p>Santiago Nieto encabeza la Toma de Protesta de los Comit\u00e9s de Defensa de la 4ta Transformaci\u00f3n de los militantes del Partido del Trabajo en el municipio de Corregidora.<\/p>\n<p>Impulsar y apoyar a la mujer es uno de los ejes centrales de la Transformaci\u00f3n en Quer\u00e9taro, as\u00ed lo se\u00f1al\u00f3 Santiago Nieto Castillo, aspirante a Candidato al Senado de la Rep\u00fablica, por MORENA.<\/p>\n<p>Durante la toma de protesta de los Comit\u00e9s Nieto Castillo subray\u00f3 la importancia de tener de candidata a la primera mujer que seguramente llegar\u00e1 a gobernar el pa\u00eds y seguir con los trabajos de inclusi\u00f3n y unidad del presidente Andr\u00e9s Manuel L\u00f3pez Obrador.<\/p>\n<p>Asimismo asegur\u00f3 que un gobierno que no se preocupa por su pa\u00eds y por su pueblo no sirve, ya que es fundamental otorgar las mismas oportunidades a todos los estratos sociales, impulsar la educaci\u00f3n, la seguridad, el crecimiento econ\u00f3mico en Quer\u00e9taro.<\/p>\n<p>\u201cQuer\u00e9taro ya est\u00e1 cansado de seguir en la corrupci\u00f3n, este es el momento de cambiar el rumbo del pa\u00eds y del estado a trav\u00e9s de la Transformaci\u00f3n\u201d.<\/p>\n","protected":false},"excerpt":{"rendered":"<p>Santiago Nieto encabeza la Toma de Protesta de los Comit\u00e9s de Defensa de la 4ta Transformaci\u00f3n de los militantes del Partido del Trabajo en el municipio de Corregidora. Impulsar y apoyar a la mujer es uno de los ejes centrales de la Transformaci\u00f3n en Quer\u00e9taro, as\u00ed lo se\u00f1al\u00f3 Santiago Nieto Castillo, aspirante a Candidato al Senado de la Rep\u00fablica, por<\/p>\n<div class=\"h10\"><\/div>\n<p><a class=\"more-link2 flat\" href=\"https:\/\/elconspirador.com.mx\/?p=37915\">Leer m\u00e1s<\/a><\/p>\n","protected":false},"author":1,"featured_media":37916,"comment_status":"open","ping_status":"open","sticky":false,"template":"","format":"standard","meta":{"om_disable_all_campaigns":false,"_uf_show_specific_survey":0,"_uf_disable_surveys":false},"categories":[1],"tags":[],"aioseo_notices":[],"_links":{"self":[{"href":"https:\/\/elconspirador.com.mx\/index.php?rest_route=\/wp\/v2\/posts\/37915"}],"collection":[{"href":"https:\/\/elconspirador.com.mx\/index.php?rest_route=\/wp\/v2\/posts"}],"about":[{"href":"https:\/\/elconspirador.com.mx\/index.php?rest_route=\/wp\/v2\/types\/post"}],"author":[{"embeddable":true,"href":"https:\/\/elconspirador.com.mx\/index.php?rest_route=\/wp\/v2\/users\/1"}],"replies":[{"embeddable":true,"href":"https:\/\/elconspirador.com.mx\/index.php?rest_route=%2Fwp%2Fv2%2Fcomments&post=37915"}],"version-history":[{"count":1,"href":"https:\/\/elconspirador.com.mx\/index.php?rest_route=\/wp\/v2\/posts\/37915\/revisions"}],"predecessor-version":[{"id":37917,"href":"https:\/\/elconspirador.com.mx\/index.php?rest_route=\/wp\/v2\/posts\/37915\/revisions\/37917"}],"wp:featuredmedia":[{"embeddable":true,"href":"https:\/\/elconspirador.com.mx\/index.php?rest_route=\/wp\/v2\/media\/37916"}],"wp:attachment":[{"href":"https:\/\/elconspirador.com.mx\/index.php?rest_route=%2Fwp%2Fv2%2Fmedia&parent=37915"}],"wp:term":[{"taxonomy":"category","embeddable":true,"href":"https:\/\/elconspirador.com.mx\/index.php?rest_route=%2Fwp%2Fv2%2Fcategories&post=37915"},{"taxonomy":"post_tag","embeddable":true,"href":"https:\/\/elconspirador.com.mx\/index.php?rest_route=%2Fwp%2Fv2%2Ftags&post=37915"}],"curies":[{"name":"wp","href":"https:\/\/api.w.org\/{rel}","templated":true}]}}