{"id":37918,"date":"2023-12-03T14:51:35","date_gmt":"2023-12-03T20:51:35","guid":{"rendered":"https:\/\/elconspirador.com.mx\/?p=37918"},"modified":"2023-12-03T14:51:35","modified_gmt":"2023-12-03T20:51:35","slug":"panistas-van-por-un-senado-independiente","status":"publish","type":"post","link":"https:\/\/elconspirador.com.mx\/?p=37918","title":{"rendered":"PANISTAS VAN POR UN SENADO INDEPENDIENTE"},"content":{"rendered":"<p class=\"s8\"><span class=\"s5\"><span class=\"bumpedFont15\">Hace falta un Senado en M\u00e9xico que sea independiente, fuerte y valiente, donde se equilibren los poderes, se eviten abusos, defendamos los derechos de los ciudadanos y sigamos dando continuidad al progreso de Quer\u00e9taro. \u00a0<\/span><\/span><\/p>\n<p class=\"s8\"><span class=\"s5\"><span class=\"bumpedFont15\">As\u00ed lo se\u00f1alaron Lupita Murgu\u00eda y Agust\u00edn Dorantes<\/span><\/span><span class=\"s5\"><span class=\"bumpedFont15\"> en su calidad de registrados<\/span><\/span><span class=\"s5\"><span class=\"bumpedFont15\"> a la precandidat<\/span><\/span><span class=\"s5\"><span class=\"bumpedFont15\">ura<\/span><\/span><span class=\"s5\"><span class=\"bumpedFont15\"> al Senado por el PAN<\/span><\/span><span class=\"s5\"><span class=\"bumpedFont15\">, desde donde dijeron, har\u00e1n efectiva la separaci\u00f3n de <\/span><\/span><span class=\"s5\"><span class=\"bumpedFont15\">poderes, luchar\u00e1n contra el autoritarismo y los caprichos del ejecutivo.<\/span><\/span><\/p>\n<p class=\"s8\"><span class=\"s5\"><span class=\"bumpedFont15\">\u201cEn este proceso interno de nuestro partido, le p<\/span><\/span><span class=\"s5\"><span class=\"bumpedFont15\">edimos a las y los panistas<\/span><\/span><span class=\"s5\"><span class=\"bumpedFont15\"> que <\/span><\/span><span class=\"s5\"><span class=\"bumpedFont15\">nos den<\/span><\/span><span class=\"s5\"><span class=\"bumpedFont15\"> la oportunidad de<\/span><\/span><span class=\"s5\"><span class=\"bumpedFont15\"> contender para<\/span><\/span><span class=\"s5\"><span class=\"bumpedFont15\"> ir al Senado de la Rep\u00fablica<\/span><\/span><span class=\"s5\"><span class=\"bumpedFont15\">,<\/span><\/span><span class=\"s5\"><span class=\"bumpedFont15\"> para darle continuidad al progreso de Quer\u00e9taro. Porque Quer\u00e9taro no necesita populismo y promesas vac\u00edas, necesita resultados concretos. Y en Acci\u00f3n Nacional sabemos c\u00f3mo entregar esos resultados\u201d.<\/span><\/span><\/p>\n<p class=\"s8\"><span class=\"s5\"><span class=\"bumpedFont15\">A nombre del panismo queretano, la dirigente estatal, Leonor Mej\u00eda extern\u00f3 que Acci\u00f3n Nacional va con dos de sus mejores perfiles para seguir demostrando porque el PAN es la mejor opci\u00f3n; un partido que s\u00ed trabaja y da resultados. <\/span><\/span><\/p>\n<p class=\"s8\"><span class=\"s5\"><span class=\"bumpedFont15\">En la sede estatal del PAN<\/span><\/span><span class=\"s5\"><span class=\"bumpedFont15\">, <\/span><\/span><span class=\"s5\"><span class=\"bumpedFont15\">la f\u00f3rmula integrada por Lupita Murgu\u00eda<\/span><\/span><span class=\"s5\"><span class=\"bumpedFont15\"> con Sonia Rocha como suplente<\/span><\/span><span class=\"s5\"><span class=\"bumpedFont15\"> y Agust\u00edn Dorantes<\/span><\/span><span class=\"s5\"><span class=\"bumpedFont15\">, con Enrique Vega como suplente,<\/span><\/span><span class=\"s5\"><span class=\"bumpedFont15\">entreg<\/span><\/span><span class=\"s5\"><span class=\"bumpedFont15\">aron<\/span><\/span><span class=\"s5\"><span class=\"bumpedFont15\"> su documentaci\u00f3n a la Comisi\u00f3n de Procesos Electorales del partido y recibi<\/span><\/span><span class=\"s5\"><span class=\"bumpedFont15\">eron<\/span><\/span><span class=\"s5\"><span class=\"bumpedFont15\"> su constancia de recepci\u00f3n de registro; al tiempo,<\/span><\/span><span class=\"s5\"><span class=\"bumpedFont15\">hablaron al exterior de la sede del partido con la militancia y<\/span><\/span><span class=\"s5\"><span class=\"bumpedFont15\"> afirmaron que en Quer\u00e9taro somos PAN y por eso las familias viven mejor. <\/span><\/span><\/p>\n<p class=\"s8\"><span class=\"s5\"><span class=\"bumpedFont15\">\u201c<\/span><\/span><span class=\"s5\"><span class=\"bumpedFont15\">Las y l<\/span><\/span><span class=\"s5\"><span class=\"bumpedFont15\">os invitamos a sumarnos juntos a una misma causa: tu familia merece m\u00e1s. En Quer\u00e9taro somos PAN porque aqu\u00ed s\u00ed hay calidad de vida, aqu\u00ed hay paz social, mejores salarios, becas, aqu\u00ed los j\u00f3venes s\u00ed tienen oportunidades, aqu\u00ed s\u00ed apoyamos a las mujeres, hay estancias infantiles y escuelas de tiempo completo\u201d.<\/span><\/span><\/p>\n<p class=\"s8\"><span class=\"s5\"><span class=\"bumpedFont15\">En un mensaje dirigido a militantes y simpatizantes del Partido Acci\u00f3n Nacional, los precandidatos al Senado de la Rep\u00fablica se\u00f1alaron que asumen este como el reto m\u00e1s importante de sus carreras pol\u00edticas, porque est\u00e1 en juego el futuro de M\u00e9xico: o recuperamos al pa\u00eds, o lo dejamos otros seis a\u00f1os en manos de las ocurrencias, la divisi\u00f3n y el conformismo.<\/span><\/span><\/p>\n<p class=\"s8\"><span class=\"s5\"><span class=\"bumpedFont15\">\u201cNo permitiremos que la realidad del pa\u00eds nos alcance, por eso MORENA en Quer\u00e9taro se volver\u00e1 a topar con pared. La esperanza cambi\u00f3 de manos y caminaremos esta ruta junto a X\u00f3chitl G\u00e1lvez para refrendar desde los 18 municipios de Quer\u00e9taro la fuerza y coraz\u00f3n del panismo vivo que tiene Quer\u00e9taro. Aqu\u00ed caben todas y todos los <\/span><\/span><span class=\"s5\"><span class=\"bumpedFont15\">panistas<\/span><\/span><span class=\"s5\"><span class=\"bumpedFont15\"> que se oponen al autoritarismo, a la divisi\u00f3n y las pr\u00e1cticas antidemocr\u00e1ticas de MORENA\u201d. <\/span><\/span><\/p>\n<p class=\"s8\"><span class=\"s5\"><span class=\"bumpedFont15\">Lupita Murgu\u00eda destac\u00f3 que<\/span><\/span><span class=\"s5\"><span class=\"bumpedFont15\"> por m\u00e1s de 20 a\u00f1os ha militado orgullosamente en Acci\u00f3n Nacional y <\/span><\/span><span class=\"s5\"><span class=\"bumpedFont15\">tom\u00f3 la decisi\u00f3n que buscar el arropo del panismo para llegar al Senado<\/span><\/span><span class=\"s5\"><span class=\"bumpedFont15\"> de la Rep\u00fablica porque desde esta<\/span><\/span><span class=\"s5\"><span class=\"bumpedFont15\"> m\u00e1xima tribuna legislativa del pa\u00eds re<\/span><\/span><span class=\"s5\"><span class=\"bumpedFont15\">presentar\u00e1 un contrapeso real al actual <\/span><\/span><span class=\"s5\"><span class=\"bumpedFont15\">r\u00e9gimen, para que nuestro<\/span><\/span><span class=\"s5\"><span class=\"bumpedFont15\"> estado<\/span><\/span><span class=\"s5\"><span class=\"bumpedFont15\"> siga con rumbo claro, calidad de vida, seguridad y oportunidades<\/span><\/span><span class=\"s5\"><span class=\"bumpedFont15\">.<\/span><\/span><\/p>\n<p class=\"s8\"><span class=\"s5\"><span class=\"bumpedFont15\">\u201cCu\u00e1ntas veces nos han dicho a las mujeres que tenemos prohibido so\u00f1ar. Yo inicio este camino aqu\u00ed en mi casa que es Acci\u00f3n Nacional porque tengo un sue\u00f1o, un s<\/span><\/span><span class=\"s5\"><span class=\"bumpedFont15\">ue\u00f1o de construir un mejor pa\u00eds;<\/span><\/span><span class=\"s5\"><span class=\"bumpedFont15\"> porque soy una mujer fuerte, de convicciones y principios que est\u00e1 lista para abrazar tus sue\u00f1os y deseos de vivir en un mejor M\u00e9xico\u201d. \u00a0<\/span><\/span><\/p>\n<p class=\"s8\"><span class=\"s5\"><span class=\"bumpedFont15\">Agust\u00edn Dorantes subray\u00f3 que <\/span><\/span><span class=\"s5\"><span class=\"bumpedFont15\">su meta seguir\u00e1 siendo trabajar para que todas y todos tengamos piso parejo, porque Quer\u00e9taro<\/span><\/span><span class=\"s5\"><span class=\"bumpedFont15\"> es el mejor ejemplo, donde<\/span><\/span><span class=\"s5\"><span class=\"bumpedFont15\"> s\u00ed existe una cultura del trabajo, del m\u00e9rito y el respeto; por lo que, en este nuevo reto buscar\u00e1 defender a la democracia y a las instituciones del pa\u00eds, siendo un contrapeso de lo que hoy se tiene. <\/span><\/span><\/p>\n<p class=\"s8\"><span class=\"s5\"><span class=\"bumpedFont15\">\u201cYo me hice en el PAN, esta es mi familia. Les pido la oportunidad de competir para representar a Quer\u00e9taro en el Senado. Porque M\u00e9xico necesita que no dejemos de mover las almas, M\u00e9xico necesita que hagamos democracia todos los d\u00edas y que trabajemos para construir esa patria ordenada y generosa que nos merecemos\u201d. \u00a0<\/span><\/span><\/p>\n<p class=\"s8\"><span class=\"s5\"><span class=\"bumpedFont15\">Con<\/span><\/span><span class=\"s5\"><span class=\"bumpedFont15\"> entusiasmo y<\/span><\/span><span class=\"s5\"><span class=\"bumpedFont15\"> amplio respaldo del panismo queretano, a<\/span><\/span><span class=\"s5\"><span class=\"bumpedFont15\">mbos precandidatos se\u00f1alaron que representan<\/span><\/span><span class=\"s5\"><span class=\"bumpedFont15\"> una misma causa y por ello<\/span><\/span><span class=\"s5\"><span class=\"bumpedFont15\"> est\u00e1<\/span><\/span><span class=\"s5\"><span class=\"bumpedFont15\">n<\/span><\/span><span class=\"s5\"><span class=\"bumpedFont15\"> listo<\/span><\/span><span class=\"s5\"><span class=\"bumpedFont15\">s<\/span><\/span><span class=\"s5\"><span class=\"bumpedFont15\">para luchar en unidad, con fuerza y coraz\u00f3n<\/span><\/span><span class=\"s5\"><span class=\"bumpedFont15\"> desde el Senado<\/span><\/span><span class=\"s5\"><span class=\"bumpedFont15\"> de la Rep\u00fablica <\/span><\/span><span class=\"s5\"><span class=\"bumpedFont15\">por el M\u00e9xico que merecen millones de ciudadanos que trabajan, estudian y se esfuerzan<\/span><\/span><span class=\"s5\"><span class=\"bumpedFont15\">.<\/span><\/span><\/p>\n","protected":false},"excerpt":{"rendered":"<p>Hace falta un Senado en M\u00e9xico que sea independiente, fuerte y valiente, donde se equilibren los poderes, se eviten abusos, defendamos los derechos de los ciudadanos y sigamos dando continuidad al progreso de Quer\u00e9taro. \u00a0 As\u00ed lo se\u00f1alaron Lupita Murgu\u00eda y Agust\u00edn Dorantes en su calidad de registrados a la precandidatura al Senado por el PAN, desde donde dijeron, har\u00e1n<\/p>\n<div class=\"h10\"><\/div>\n<p><a class=\"more-link2 flat\" href=\"https:\/\/elconspirador.com.mx\/?p=37918\">Leer m\u00e1s<\/a><\/p>\n","protected":false},"author":1,"featured_media":37919,"comment_status":"open","ping_status":"open","sticky":false,"template":"","format":"standard","meta":{"om_disable_all_campaigns":false,"_uf_show_specific_survey":0,"_uf_disable_surveys":false},"categories":[1],"tags":[],"aioseo_notices":[],"_links":{"self":[{"href":"https:\/\/elconspirador.com.mx\/index.php?rest_route=\/wp\/v2\/posts\/37918"}],"collection":[{"href":"https:\/\/elconspirador.com.mx\/index.php?rest_route=\/wp\/v2\/posts"}],"about":[{"href":"https:\/\/elconspirador.com.mx\/index.php?rest_route=\/wp\/v2\/types\/post"}],"author":[{"embeddable":true,"href":"https:\/\/elconspirador.com.mx\/index.php?rest_route=\/wp\/v2\/users\/1"}],"replies":[{"embeddable":true,"href":"https:\/\/elconspirador.com.mx\/index.php?rest_route=%2Fwp%2Fv2%2Fcomments&post=37918"}],"version-history":[{"count":1,"href":"https:\/\/elconspirador.com.mx\/index.php?rest_route=\/wp\/v2\/posts\/37918\/revisions"}],"predecessor-version":[{"id":37920,"href":"https:\/\/elconspirador.com.mx\/index.php?rest_route=\/wp\/v2\/posts\/37918\/revisions\/37920"}],"wp:featuredmedia":[{"embeddable":true,"href":"https:\/\/elconspirador.com.mx\/index.php?rest_route=\/wp\/v2\/media\/37919"}],"wp:attachment":[{"href":"https:\/\/elconspirador.com.mx\/index.php?rest_route=%2Fwp%2Fv2%2Fmedia&parent=37918"}],"wp:term":[{"taxonomy":"category","embeddable":true,"href":"https:\/\/elconspirador.com.mx\/index.php?rest_route=%2Fwp%2Fv2%2Fcategories&post=37918"},{"taxonomy":"post_tag","embeddable":true,"href":"https:\/\/elconspirador.com.mx\/index.php?rest_route=%2Fwp%2Fv2%2Ftags&post=37918"}],"curies":[{"name":"wp","href":"https:\/\/api.w.org\/{rel}","templated":true}]}}