{"id":37959,"date":"2023-12-04T21:16:34","date_gmt":"2023-12-05T03:16:34","guid":{"rendered":"https:\/\/elconspirador.com.mx\/?p=37959"},"modified":"2023-12-04T21:16:34","modified_gmt":"2023-12-05T03:16:34","slug":"detienen-a-uno-de-los-agresores-se-policias","status":"publish","type":"post","link":"https:\/\/elconspirador.com.mx\/?p=37959","title":{"rendered":"DETIENEN A UNO DE LOS AGRESORES SE POLIC\u00cdAS"},"content":{"rendered":"<p>Tras la agresi\u00f3n a dos polic\u00edas municipales de Quer\u00e9taro, el Fiscal Alejandro Echeverr\u00eda Cornejo, asegur\u00f3 que uno de los responsables ya fue vinculado a proceso.<\/p>\n<p>Estos hechos ocurrieron el pasado viernes por la ma\u00f1ana, cuyos polic\u00edas fueron recibidos a balazos donde dos de ellos se encuentran hospitalizados.<\/p>\n<p>&#8220;Este lugar es un lugar de reuni\u00f3n de adictos, como se conoce en el argot, como un picadero y las personas que de alguna manera agredieron a los compa\u00f1eros oficiales de la polic\u00eda municipal, justo hab\u00edan salido de este espacio&#8221;.<\/p>\n<p>De acuerdo con el Fiscal, en la agresi\u00f3n participaron al menos tres personas, pero s\u00f3lo se detuvo a una y otras dos se dieron a la fuga. Aunque en el lugar se detuvo a cinco personas.<\/p>\n<p>&#8220;Dos m\u00e1s de ellos fueron puestos a disposici\u00f3n, sin embargo no formaron parte de esta agresi\u00f3n y dos m\u00e1s declararon como testigos&#8221;.<\/p>\n<p>Finalmente, sobre la salud de los uniformados coment\u00f3 que uno est\u00e1 grave pero estable y el otro est\u00e1 fuera de peligro.<\/p>\n","protected":false},"excerpt":{"rendered":"<p>Tras la agresi\u00f3n a dos polic\u00edas municipales de Quer\u00e9taro, el Fiscal Alejandro Echeverr\u00eda Cornejo, asegur\u00f3 que uno de los responsables ya fue vinculado a proceso. Estos hechos ocurrieron el pasado viernes por la ma\u00f1ana, cuyos polic\u00edas fueron recibidos a balazos donde dos de ellos se encuentran hospitalizados. &#8220;Este lugar es un lugar de reuni\u00f3n de adictos, como se conoce en<\/p>\n<div class=\"h10\"><\/div>\n<p><a class=\"more-link2 flat\" href=\"https:\/\/elconspirador.com.mx\/?p=37959\">Leer m\u00e1s<\/a><\/p>\n","protected":false},"author":1,"featured_media":37960,"comment_status":"open","ping_status":"open","sticky":false,"template":"","format":"standard","meta":{"om_disable_all_campaigns":false,"_uf_show_specific_survey":0,"_uf_disable_surveys":false},"categories":[1],"tags":[],"aioseo_notices":[],"_links":{"self":[{"href":"https:\/\/elconspirador.com.mx\/index.php?rest_route=\/wp\/v2\/posts\/37959"}],"collection":[{"href":"https:\/\/elconspirador.com.mx\/index.php?rest_route=\/wp\/v2\/posts"}],"about":[{"href":"https:\/\/elconspirador.com.mx\/index.php?rest_route=\/wp\/v2\/types\/post"}],"author":[{"embeddable":true,"href":"https:\/\/elconspirador.com.mx\/index.php?rest_route=\/wp\/v2\/users\/1"}],"replies":[{"embeddable":true,"href":"https:\/\/elconspirador.com.mx\/index.php?rest_route=%2Fwp%2Fv2%2Fcomments&post=37959"}],"version-history":[{"count":1,"href":"https:\/\/elconspirador.com.mx\/index.php?rest_route=\/wp\/v2\/posts\/37959\/revisions"}],"predecessor-version":[{"id":37961,"href":"https:\/\/elconspirador.com.mx\/index.php?rest_route=\/wp\/v2\/posts\/37959\/revisions\/37961"}],"wp:featuredmedia":[{"embeddable":true,"href":"https:\/\/elconspirador.com.mx\/index.php?rest_route=\/wp\/v2\/media\/37960"}],"wp:attachment":[{"href":"https:\/\/elconspirador.com.mx\/index.php?rest_route=%2Fwp%2Fv2%2Fmedia&parent=37959"}],"wp:term":[{"taxonomy":"category","embeddable":true,"href":"https:\/\/elconspirador.com.mx\/index.php?rest_route=%2Fwp%2Fv2%2Fcategories&post=37959"},{"taxonomy":"post_tag","embeddable":true,"href":"https:\/\/elconspirador.com.mx\/index.php?rest_route=%2Fwp%2Fv2%2Ftags&post=37959"}],"curies":[{"name":"wp","href":"https:\/\/api.w.org\/{rel}","templated":true}]}}