{"id":37965,"date":"2023-12-04T12:32:21","date_gmt":"2023-12-04T18:32:21","guid":{"rendered":"https:\/\/elconspirador.com.mx\/?p=37965"},"modified":"2023-12-04T12:32:21","modified_gmt":"2023-12-04T18:32:21","slug":"mayor-vinicio-perea-nuevo-titular-de-la-xvii-zona-militar","status":"publish","type":"post","link":"https:\/\/elconspirador.com.mx\/?p=37965","title":{"rendered":"MAYOR VINICIO PEREA NUEVO TITULAR DE LA XVII ZONA MILITAR"},"content":{"rendered":"<p class=\"s6\"><span class=\"s7\"><span class=\"bumpedFont15\">El gobernador, Mauricio Kuri Gonz\u00e1lez, asisti\u00f3 a la ceremonia de toma de posesi\u00f3n y protesta de bandera del general de brigada de Estado Mayor, Vinicio Perea Alcaraz, como comandante de la XVII Zona Militar, jerarqu\u00eda que asumi\u00f3 desde el pasado 1 de diciembre. El acto se llev\u00f3 a cabo en la<\/span><\/span><span class=\"s7\"><span class=\"bumpedFont15\"> explanada<\/span><\/span><span class=\"s7\"><span class=\"bumpedFont15\"> del Cuartel General y fue encabezada por el general de Divisi\u00f3n de Estado Mayor, Enrique Covarrubias L\u00f3pez, comandante de la XII Regi\u00f3n Militar. <\/span><\/span><\/p>\n<p class=\"s6\">\n<p class=\"s6\"><span class=\"s7\"><span class=\"bumpedFont15\">Al evento tambi\u00e9n acudieron: la magistrada presidenta del Poder Judicial, Mariela Ponce; el fiscal general, Alejandro Echeverr\u00eda; el secretario de Seguridad Ciudadana, <\/span><\/span><span class=\"s7\"><span class=\"bumpedFont15\">Iov\u00e1n<\/span><\/span><span class=\"s7\"><span class=\"bumpedFont15\">El\u00edas P\u00e9rez; el delegado de la Fiscal\u00eda General de la Rep\u00fablica en Quer\u00e9taro, Jorge Arturo Mart\u00ednez; el titular de la Estaci\u00f3n Quer\u00e9taro de CNI, Jes\u00fas Julio F\u00e9lix <\/span><\/span><span class=\"s7\"><span class=\"bumpedFont15\">Nicols<\/span><\/span><span class=\"s7\"><span class=\"bumpedFont15\">; el coordinador de la Guardia Nacional en el estado, Pedro Alberto Hern\u00e1ndez; el presidente de la Asociaci\u00f3n de Militares Retirados en Quer\u00e9taro, Harold Henry <\/span><\/span><span class=\"s7\"><span class=\"bumpedFont15\">Rabling<\/span><\/span><span class=\"s7\"><span class=\"bumpedFont15\">; funcionarios estatales, as\u00ed como presidentas y presidentes municipales.<\/span><\/span><\/p>\n<p class=\"s6\">\n<p class=\"s6\">\n","protected":false},"excerpt":{"rendered":"<p>El gobernador, Mauricio Kuri Gonz\u00e1lez, asisti\u00f3 a la ceremonia de toma de posesi\u00f3n y protesta de bandera del general de brigada de Estado Mayor, Vinicio Perea Alcaraz, como comandante de la XVII Zona Militar, jerarqu\u00eda que asumi\u00f3 desde el pasado 1 de diciembre. El acto se llev\u00f3 a cabo en la explanada del Cuartel General y fue encabezada por el<\/p>\n<div class=\"h10\"><\/div>\n<p><a class=\"more-link2 flat\" href=\"https:\/\/elconspirador.com.mx\/?p=37965\">Leer m\u00e1s<\/a><\/p>\n","protected":false},"author":1,"featured_media":37966,"comment_status":"open","ping_status":"open","sticky":false,"template":"","format":"standard","meta":{"om_disable_all_campaigns":false,"_uf_show_specific_survey":0,"_uf_disable_surveys":false},"categories":[1],"tags":[],"aioseo_notices":[],"_links":{"self":[{"href":"https:\/\/elconspirador.com.mx\/index.php?rest_route=\/wp\/v2\/posts\/37965"}],"collection":[{"href":"https:\/\/elconspirador.com.mx\/index.php?rest_route=\/wp\/v2\/posts"}],"about":[{"href":"https:\/\/elconspirador.com.mx\/index.php?rest_route=\/wp\/v2\/types\/post"}],"author":[{"embeddable":true,"href":"https:\/\/elconspirador.com.mx\/index.php?rest_route=\/wp\/v2\/users\/1"}],"replies":[{"embeddable":true,"href":"https:\/\/elconspirador.com.mx\/index.php?rest_route=%2Fwp%2Fv2%2Fcomments&post=37965"}],"version-history":[{"count":1,"href":"https:\/\/elconspirador.com.mx\/index.php?rest_route=\/wp\/v2\/posts\/37965\/revisions"}],"predecessor-version":[{"id":37967,"href":"https:\/\/elconspirador.com.mx\/index.php?rest_route=\/wp\/v2\/posts\/37965\/revisions\/37967"}],"wp:featuredmedia":[{"embeddable":true,"href":"https:\/\/elconspirador.com.mx\/index.php?rest_route=\/wp\/v2\/media\/37966"}],"wp:attachment":[{"href":"https:\/\/elconspirador.com.mx\/index.php?rest_route=%2Fwp%2Fv2%2Fmedia&parent=37965"}],"wp:term":[{"taxonomy":"category","embeddable":true,"href":"https:\/\/elconspirador.com.mx\/index.php?rest_route=%2Fwp%2Fv2%2Fcategories&post=37965"},{"taxonomy":"post_tag","embeddable":true,"href":"https:\/\/elconspirador.com.mx\/index.php?rest_route=%2Fwp%2Fv2%2Ftags&post=37965"}],"curies":[{"name":"wp","href":"https:\/\/api.w.org\/{rel}","templated":true}]}}