{"id":37972,"date":"2023-12-04T16:27:40","date_gmt":"2023-12-04T22:27:40","guid":{"rendered":"https:\/\/elconspirador.com.mx\/?p=37972"},"modified":"2023-12-04T16:27:40","modified_gmt":"2023-12-04T22:27:40","slug":"arturo-maximiliano-se-registra-por-morena","status":"publish","type":"post","link":"https:\/\/elconspirador.com.mx\/?p=37972","title":{"rendered":"ARTURO MAXIMILIANO SE REGISTRA POR MORENA"},"content":{"rendered":"<p>Muy temprano este lunes, Arturo Maximiliano Garc\u00eda #realiz\u00f3 su registro digital en el Proceso Interno de Selecci\u00f3n de Candidatura a la Presidencia Municipal de Quer\u00e9taro por Morena.<\/p>\n<p>Maximiliano expres\u00f3 que la mayor\u00eda de las y los queretanos desean un cambio y rechazan la continuidad de gobiernos ajenos a las verdaderas necesidades de la ciudadan\u00eda.<\/p>\n<p>\u201cHoy realic\u00e9 mi inscripci\u00f3n al Proceso Interno de Selecci\u00f3n de la Candidatura a la Presidencia Municipal de Quer\u00e9taro por #Morena.<br \/>\nMe alegra mucho compartir esta noticias con ustedes, porque estoy convencido de que hoy comienza una nueva \u00e9poca. Eso nos da esperanza\u201d.<\/p>\n","protected":false},"excerpt":{"rendered":"<p>Muy temprano este lunes, Arturo Maximiliano Garc\u00eda #realiz\u00f3 su registro digital en el Proceso Interno de Selecci\u00f3n de Candidatura a la Presidencia Municipal de Quer\u00e9taro por Morena. Maximiliano expres\u00f3 que la mayor\u00eda de las y los queretanos desean un cambio y rechazan la continuidad de gobiernos ajenos a las verdaderas necesidades de la ciudadan\u00eda. \u201cHoy realic\u00e9 mi inscripci\u00f3n al Proceso<\/p>\n<div class=\"h10\"><\/div>\n<p><a class=\"more-link2 flat\" href=\"https:\/\/elconspirador.com.mx\/?p=37972\">Leer m\u00e1s<\/a><\/p>\n","protected":false},"author":1,"featured_media":37973,"comment_status":"open","ping_status":"open","sticky":false,"template":"","format":"standard","meta":{"om_disable_all_campaigns":false,"_uf_show_specific_survey":0,"_uf_disable_surveys":false},"categories":[1],"tags":[],"aioseo_notices":[],"_links":{"self":[{"href":"https:\/\/elconspirador.com.mx\/index.php?rest_route=\/wp\/v2\/posts\/37972"}],"collection":[{"href":"https:\/\/elconspirador.com.mx\/index.php?rest_route=\/wp\/v2\/posts"}],"about":[{"href":"https:\/\/elconspirador.com.mx\/index.php?rest_route=\/wp\/v2\/types\/post"}],"author":[{"embeddable":true,"href":"https:\/\/elconspirador.com.mx\/index.php?rest_route=\/wp\/v2\/users\/1"}],"replies":[{"embeddable":true,"href":"https:\/\/elconspirador.com.mx\/index.php?rest_route=%2Fwp%2Fv2%2Fcomments&post=37972"}],"version-history":[{"count":2,"href":"https:\/\/elconspirador.com.mx\/index.php?rest_route=\/wp\/v2\/posts\/37972\/revisions"}],"predecessor-version":[{"id":37986,"href":"https:\/\/elconspirador.com.mx\/index.php?rest_route=\/wp\/v2\/posts\/37972\/revisions\/37986"}],"wp:featuredmedia":[{"embeddable":true,"href":"https:\/\/elconspirador.com.mx\/index.php?rest_route=\/wp\/v2\/media\/37973"}],"wp:attachment":[{"href":"https:\/\/elconspirador.com.mx\/index.php?rest_route=%2Fwp%2Fv2%2Fmedia&parent=37972"}],"wp:term":[{"taxonomy":"category","embeddable":true,"href":"https:\/\/elconspirador.com.mx\/index.php?rest_route=%2Fwp%2Fv2%2Fcategories&post=37972"},{"taxonomy":"post_tag","embeddable":true,"href":"https:\/\/elconspirador.com.mx\/index.php?rest_route=%2Fwp%2Fv2%2Ftags&post=37972"}],"curies":[{"name":"wp","href":"https:\/\/api.w.org\/{rel}","templated":true}]}}