{"id":37975,"date":"2023-12-04T13:49:53","date_gmt":"2023-12-04T19:49:53","guid":{"rendered":"https:\/\/elconspirador.com.mx\/?p=37975"},"modified":"2023-12-04T13:51:38","modified_gmt":"2023-12-04T19:51:38","slug":"alcalde-de-jalpan-dice-que-el-no-llora-como-otras-alcaldesas","status":"publish","type":"post","link":"https:\/\/elconspirador.com.mx\/?p=37975","title":{"rendered":"ALCALDE DE JALPAN DICE QUE \u00c9L NO LLORA COMO OTRAS ALCALDESAS"},"content":{"rendered":"<p>Efra\u00edn Mu\u00f1oz Cosme, alcalde Jalpan de Serra, justific\u00f3 que respondi\u00f3 mal a habitantes de las comunidades Agua Amarga, Aguafr\u00eda y Cuchilla, puesto que no hab\u00eda \u201ccomprado paciencia\u201d y adelant\u00f3 que buscar\u00e1 su reelecci\u00f3n como presidente municipal por la v\u00eda independiente.<\/p>\n<p>Cuestionado sobre el hecho, reportado en redes sociales, coment\u00f3 que fue lamentable, aunque acus\u00f3 que las quejas que recibi\u00f3 ya estaban preparadas por un tema pol\u00edtico.<\/p>\n<p>\u201cMuy lamentable s\u00ed, pero ya lo ten\u00edan muy preparado porque desde que llegu\u00e9 a saludar empezaron a molestar y llega un momento en el que se te acaba la paciencia. Ese d\u00eda no hab\u00eda comprado paciencia, porque luego compro, pero ese d\u00eda no hab\u00eda comprado y se me acab\u00f3\u201d, afirm\u00f3.<\/p>\n<p>Mu\u00f1oz Cosme argument\u00f3 que como alcalde ha trabajado de forma transparente por la ciudadan\u00eda y asever\u00f3 que \u00e9l no es d\u00e9bil como lo han sido las presidentas municipales, esto en relaci\u00f3n con la discusi\u00f3n que tuvo.<\/p>\n<p>\u201cNo soy el presidente que va a estar ah\u00ed llorando, porque ha pasado con otras presidentas que lamentablemente son d\u00e9biles y yo no soy d\u00e9bil, simplemente cuando haces las cosas como deben de ser con transparencia y hasta dem\u00e1s y todav\u00eda no est\u00e1n contentos. Eso es un fin pol\u00edtico, y no es en realidad relacionado a la chamba ya es molestar por molestar\u201d, a\u00f1adi\u00f3.<\/p>\n<p>El alcalde reiter\u00f3 que dicho acto fue pol\u00edtico debido a su intenci\u00f3n de reelegirse, para lo cual present\u00f3 la manifestaci\u00f3n de intenci\u00f3n el pasado 1 de diciembre; indic\u00f3 que, en caso de validarse su intenci\u00f3n, no descuidar\u00e1 la presidencia para recolectar las firmas y ser\u00eda hasta marzo cuando pida licencia a su cargo.<\/p>\n<p>\u201cYo voy a continuar entonces ellos ya est\u00e1n viendo la forma de c\u00f3mo quererme afectar, pero no me preocupa. Estoy consciente de mi trabajo y de lo que estoy haciendo, todo lo que estoy sacando a mi pueblo adelante, que es una chamba por a\u00f1os que no lo hab\u00eda hecho ning\u00fan presidente. Ya fui al IEEQ y ya est\u00e1 el documento, yo estoy bien contento\u201d, precis\u00f3.<\/p>\n","protected":false},"excerpt":{"rendered":"<p>Efra\u00edn Mu\u00f1oz Cosme, alcalde Jalpan de Serra, justific\u00f3 que respondi\u00f3 mal a habitantes de las comunidades Agua Amarga, Aguafr\u00eda y Cuchilla, puesto que no hab\u00eda \u201ccomprado paciencia\u201d y adelant\u00f3 que buscar\u00e1 su reelecci\u00f3n como presidente municipal por la v\u00eda independiente. Cuestionado sobre el hecho, reportado en redes sociales, coment\u00f3 que fue lamentable, aunque acus\u00f3 que las quejas que recibi\u00f3 ya<\/p>\n<div class=\"h10\"><\/div>\n<p><a class=\"more-link2 flat\" href=\"https:\/\/elconspirador.com.mx\/?p=37975\">Leer m\u00e1s<\/a><\/p>\n","protected":false},"author":1,"featured_media":37977,"comment_status":"open","ping_status":"open","sticky":false,"template":"","format":"standard","meta":{"om_disable_all_campaigns":false,"_uf_show_specific_survey":0,"_uf_disable_surveys":false},"categories":[1],"tags":[],"aioseo_notices":[],"_links":{"self":[{"href":"https:\/\/elconspirador.com.mx\/index.php?rest_route=\/wp\/v2\/posts\/37975"}],"collection":[{"href":"https:\/\/elconspirador.com.mx\/index.php?rest_route=\/wp\/v2\/posts"}],"about":[{"href":"https:\/\/elconspirador.com.mx\/index.php?rest_route=\/wp\/v2\/types\/post"}],"author":[{"embeddable":true,"href":"https:\/\/elconspirador.com.mx\/index.php?rest_route=\/wp\/v2\/users\/1"}],"replies":[{"embeddable":true,"href":"https:\/\/elconspirador.com.mx\/index.php?rest_route=%2Fwp%2Fv2%2Fcomments&post=37975"}],"version-history":[{"count":2,"href":"https:\/\/elconspirador.com.mx\/index.php?rest_route=\/wp\/v2\/posts\/37975\/revisions"}],"predecessor-version":[{"id":37978,"href":"https:\/\/elconspirador.com.mx\/index.php?rest_route=\/wp\/v2\/posts\/37975\/revisions\/37978"}],"wp:featuredmedia":[{"embeddable":true,"href":"https:\/\/elconspirador.com.mx\/index.php?rest_route=\/wp\/v2\/media\/37977"}],"wp:attachment":[{"href":"https:\/\/elconspirador.com.mx\/index.php?rest_route=%2Fwp%2Fv2%2Fmedia&parent=37975"}],"wp:term":[{"taxonomy":"category","embeddable":true,"href":"https:\/\/elconspirador.com.mx\/index.php?rest_route=%2Fwp%2Fv2%2Fcategories&post=37975"},{"taxonomy":"post_tag","embeddable":true,"href":"https:\/\/elconspirador.com.mx\/index.php?rest_route=%2Fwp%2Fv2%2Ftags&post=37975"}],"curies":[{"name":"wp","href":"https:\/\/api.w.org\/{rel}","templated":true}]}}