{"id":37979,"date":"2023-12-04T14:44:01","date_gmt":"2023-12-04T20:44:01","guid":{"rendered":"https:\/\/elconspirador.com.mx\/?p=37979"},"modified":"2023-12-04T14:44:01","modified_gmt":"2023-12-04T20:44:01","slug":"molina-podria-dejar-la-capital","status":"publish","type":"post","link":"https:\/\/elconspirador.com.mx\/?p=37979","title":{"rendered":"MOLINA PODR\u00cdA DEJAR LA CAPITAL"},"content":{"rendered":"<p>Arturo Molina Zamora, secretario de gobierno del municipio de Quer\u00e9taro, podr\u00eda separarse del cargo en pr\u00f3ximos d\u00edas para sumarse a un equipo de campa\u00f1a.<\/p>\n<p>\u201cEsperar\u00eda que en pr\u00f3ximos d\u00edas habr\u00e1 una noticia, pero hoy mi funci\u00f3n es en la que estoy, habr\u00e1 que esperar a ver qu\u00e9 sucede. Ustedes saben que tengo una relaci\u00f3n de amistad con Lupita Murgu\u00eda y Agust\u00edn Dorantes y veremos\u201d, dijo.<\/p>\n<p>Molina Zamora a\u00f1adi\u00f3 que actualmente est\u00e1 enfocado en su labor en la secretar\u00eda de gobierno y mencion\u00f3 que no ha platicado del tema con el alcalde Luis Bernardo Nava.<\/p>\n<p>\u201cHoy estoy trabajando en el municipio de Quer\u00e9taro ah\u00ed es donde estamos y todav\u00eda no tenemos nada formal, es algo que todav\u00eda no he platicado con el presidente. Esperaremos los tiempos, est\u00e1n arrancando los procesos de registro y luego de precampa\u00f1a, pero una vez que lo platiqu\u00e9 con el presidente daremos m\u00e1s informaci\u00f3n\u201d, agreg\u00f3.<\/p>\n<p>Asimismo, dijo no tener conocimiento si algunos otros funcionarios del municipio est\u00e1n contemplando dejar el cargo.<\/p>\n","protected":false},"excerpt":{"rendered":"<p>Arturo Molina Zamora, secretario de gobierno del municipio de Quer\u00e9taro, podr\u00eda separarse del cargo en pr\u00f3ximos d\u00edas para sumarse a un equipo de campa\u00f1a. \u201cEsperar\u00eda que en pr\u00f3ximos d\u00edas habr\u00e1 una noticia, pero hoy mi funci\u00f3n es en la que estoy, habr\u00e1 que esperar a ver qu\u00e9 sucede. Ustedes saben que tengo una relaci\u00f3n de amistad con Lupita Murgu\u00eda y<\/p>\n<div class=\"h10\"><\/div>\n<p><a class=\"more-link2 flat\" href=\"https:\/\/elconspirador.com.mx\/?p=37979\">Leer m\u00e1s<\/a><\/p>\n","protected":false},"author":1,"featured_media":37980,"comment_status":"open","ping_status":"open","sticky":false,"template":"","format":"standard","meta":{"om_disable_all_campaigns":false,"_uf_show_specific_survey":0,"_uf_disable_surveys":false},"categories":[1],"tags":[],"aioseo_notices":[],"_links":{"self":[{"href":"https:\/\/elconspirador.com.mx\/index.php?rest_route=\/wp\/v2\/posts\/37979"}],"collection":[{"href":"https:\/\/elconspirador.com.mx\/index.php?rest_route=\/wp\/v2\/posts"}],"about":[{"href":"https:\/\/elconspirador.com.mx\/index.php?rest_route=\/wp\/v2\/types\/post"}],"author":[{"embeddable":true,"href":"https:\/\/elconspirador.com.mx\/index.php?rest_route=\/wp\/v2\/users\/1"}],"replies":[{"embeddable":true,"href":"https:\/\/elconspirador.com.mx\/index.php?rest_route=%2Fwp%2Fv2%2Fcomments&post=37979"}],"version-history":[{"count":1,"href":"https:\/\/elconspirador.com.mx\/index.php?rest_route=\/wp\/v2\/posts\/37979\/revisions"}],"predecessor-version":[{"id":37981,"href":"https:\/\/elconspirador.com.mx\/index.php?rest_route=\/wp\/v2\/posts\/37979\/revisions\/37981"}],"wp:featuredmedia":[{"embeddable":true,"href":"https:\/\/elconspirador.com.mx\/index.php?rest_route=\/wp\/v2\/media\/37980"}],"wp:attachment":[{"href":"https:\/\/elconspirador.com.mx\/index.php?rest_route=%2Fwp%2Fv2%2Fmedia&parent=37979"}],"wp:term":[{"taxonomy":"category","embeddable":true,"href":"https:\/\/elconspirador.com.mx\/index.php?rest_route=%2Fwp%2Fv2%2Fcategories&post=37979"},{"taxonomy":"post_tag","embeddable":true,"href":"https:\/\/elconspirador.com.mx\/index.php?rest_route=%2Fwp%2Fv2%2Ftags&post=37979"}],"curies":[{"name":"wp","href":"https:\/\/api.w.org\/{rel}","templated":true}]}}