{"id":52006,"date":"2024-10-07T09:22:10","date_gmt":"2024-10-07T15:22:10","guid":{"rendered":"https:\/\/elconspirador.com.mx\/?p=52006"},"modified":"2024-10-07T09:22:10","modified_gmt":"2024-10-07T15:22:10","slug":"ya-investigan-asesinato-del-alcalde-de-chilpancingo","status":"publish","type":"post","link":"https:\/\/elconspirador.com.mx\/?p=52006","title":{"rendered":"YA INVESTIGAN ASESINATO DEL ALCALDE DE CHILPANCINGO"},"content":{"rendered":"<p>El gobierno de M\u00e9xico, encabezado por la presidenta Claudia Sheinbaum, confirm\u00f3 que se investigan los hechos relacionados con el asesinato del presidente municipal de Chilpancingo, Alejandro Arcos Catal\u00e1n, ocurrido este fin de semana, apenas seis d\u00edas despu\u00e9s de haber asumido el cargo.<\/p>\n<p>Sheinbaum lament\u00f3 el suceso durante su conferencia de prensa matutina, donde inform\u00f3 que se llevan a cabo las investigaciones necesarias para esclarecer el motivo y m\u00f3vil del crimen.<\/p>\n<p>La presidenta mencion\u00f3 que las autoridades federales y estatales trabajan en conjunto, y que no se descarta que la Fiscal\u00eda General de la Rep\u00fablica atraiga el caso si es necesario.<\/p>\n<p>\u201cSe est\u00e1 colaborando con la fiscal\u00eda del estado y se est\u00e1 evaluando si es necesario que la fiscal\u00eda federal tome el caso. No queremos adelantar hasta tener toda la informaci\u00f3n, pero estamos trabajando con inteligencia y coordinaci\u00f3n\u201d, declar\u00f3 Sheinbaum.<br \/>\nViolencia en Chilpancingo<\/p>\n<p>El municipio de Chilpancingo no figuraba entre los de mayor n\u00famero de homicidios, indic\u00f3 Sheinbaum Pardo.<\/p>\n<p>Sin embargo, ha sido escenario de varios ataques en los \u00faltimos d\u00edas. La semana pasada fue asesinado Francisco Tapia, secretario de general del mismo Ayuntamiento de Chilpancingo.<\/p>\n<p>La presidenta asegur\u00f3 que, como parte de la estrategia nacional de seguridad, se fortalecer\u00e1n los sistemas de inteligencia e investigaci\u00f3n del Estado mexicano para agilizar la detenci\u00f3n de los responsables de estos hechos de violencia.<\/p>\n<p>\u201cPresentaremos ma\u00f1ana la estrategia general de seguridad, con un enfoque en Estados donde se necesita mayor presencia y coordinaci\u00f3n\u201d, se\u00f1al\u00f3.<\/p>\n","protected":false},"excerpt":{"rendered":"<p>El gobierno de M\u00e9xico, encabezado por la presidenta Claudia Sheinbaum, confirm\u00f3 que se investigan los hechos relacionados con el asesinato del presidente municipal de Chilpancingo, Alejandro Arcos Catal\u00e1n, ocurrido este fin de semana, apenas seis d\u00edas despu\u00e9s de haber asumido el cargo. Sheinbaum lament\u00f3 el suceso durante su conferencia de prensa matutina, donde inform\u00f3 que se llevan a cabo las<\/p>\n<div class=\"h10\"><\/div>\n<p><a class=\"more-link2 flat\" href=\"https:\/\/elconspirador.com.mx\/?p=52006\">Leer m\u00e1s<\/a><\/p>\n","protected":false},"author":1,"featured_media":52007,"comment_status":"open","ping_status":"open","sticky":false,"template":"","format":"standard","meta":{"om_disable_all_campaigns":false,"_uf_show_specific_survey":0,"_uf_disable_surveys":false},"categories":[68],"tags":[],"aioseo_notices":[],"_links":{"self":[{"href":"https:\/\/elconspirador.com.mx\/index.php?rest_route=\/wp\/v2\/posts\/52006"}],"collection":[{"href":"https:\/\/elconspirador.com.mx\/index.php?rest_route=\/wp\/v2\/posts"}],"about":[{"href":"https:\/\/elconspirador.com.mx\/index.php?rest_route=\/wp\/v2\/types\/post"}],"author":[{"embeddable":true,"href":"https:\/\/elconspirador.com.mx\/index.php?rest_route=\/wp\/v2\/users\/1"}],"replies":[{"embeddable":true,"href":"https:\/\/elconspirador.com.mx\/index.php?rest_route=%2Fwp%2Fv2%2Fcomments&post=52006"}],"version-history":[{"count":1,"href":"https:\/\/elconspirador.com.mx\/index.php?rest_route=\/wp\/v2\/posts\/52006\/revisions"}],"predecessor-version":[{"id":52009,"href":"https:\/\/elconspirador.com.mx\/index.php?rest_route=\/wp\/v2\/posts\/52006\/revisions\/52009"}],"wp:featuredmedia":[{"embeddable":true,"href":"https:\/\/elconspirador.com.mx\/index.php?rest_route=\/wp\/v2\/media\/52007"}],"wp:attachment":[{"href":"https:\/\/elconspirador.com.mx\/index.php?rest_route=%2Fwp%2Fv2%2Fmedia&parent=52006"}],"wp:term":[{"taxonomy":"category","embeddable":true,"href":"https:\/\/elconspirador.com.mx\/index.php?rest_route=%2Fwp%2Fv2%2Fcategories&post=52006"},{"taxonomy":"post_tag","embeddable":true,"href":"https:\/\/elconspirador.com.mx\/index.php?rest_route=%2Fwp%2Fv2%2Ftags&post=52006"}],"curies":[{"name":"wp","href":"https:\/\/api.w.org\/{rel}","templated":true}]}}