{"id":57712,"date":"2025-02-13T16:31:15","date_gmt":"2025-02-13T22:31:15","guid":{"rendered":"https:\/\/elconspirador.com.mx\/?p=57712"},"modified":"2025-02-13T16:31:15","modified_gmt":"2025-02-13T22:31:15","slug":"rescataran-el-zoologico-wameru-con-80-mdp","status":"publish","type":"post","link":"https:\/\/elconspirador.com.mx\/?p=57712","title":{"rendered":"RESCATAR\u00c1N EL ZOOL\u00d3GICO WAMER\u00da CON 80 MDP"},"content":{"rendered":"<p class=\"s6\"><span class=\"s7\"><span class=\"bumpedFont15\">A trav\u00e9s de un video en redes sociales, el gobernador, Mauricio Kuri Gonz\u00e1lez, anunci\u00f3 que, derivado de las \u00e1reas de oportunidad detectadas en los m\u00e1s recientes recorridos al Zool\u00f3gico Wameru, as\u00ed como de la voluntad de empresarias y empresarios queretanos, se trabaja de manera conjunta en el rescate de dicho espacio, lo que permitir\u00e1 recuperar un lugar emblem\u00e1tico. <\/span><\/span><\/p>\n<p class=\"s6\">\n<p class=\"s6\"><span class=\"s7\"><span class=\"bumpedFont15\">\u201cQuer\u00e9taro es un estado que avanza con visi\u00f3n de futuro, pero tambi\u00e9n con un profundo respeto por sus ra\u00edces, su gente y todas las formas de vida que nos rodean. Hoy compartimos que tenemos un prop\u00f3sito claro y firme: garantizar el bienestar de los animales que habitan en el Zool\u00f3gico Wameru, un espacio emblem\u00e1tico de \u00a0nuestra entidad que inicia una nueva etapa de renovaci\u00f3n. Este esfuerzo es el resultado de la suma de voluntades, demostrando que cuando trabajamos juntos, podemos lograr grandes cosas\u201d, manifest\u00f3.<\/span><\/span><\/p>\n<p class=\"s6\">\n<p class=\"s6\"><span class=\"s7\"><span class=\"bumpedFont15\">Kuri Gonz\u00e1lez, se\u00f1al\u00f3 que ser\u00e1 Diego Niembro el encargado de encabezar dicho proyecto, en el cual se invertir\u00e1n, en una primera etapa, 80 millones de pesos, de febrero a agosto, lo que permitir\u00e1 robustecer la plantilla laboral, pasando de siete a 185 trabajadores, as\u00ed como dignificar las \u00e1reas de los animales. \u00a0A\u00f1adi\u00f3 que estos recursos provienen de la iniciativa privada, por lo que no se destinar\u00e1n recursos p\u00fablicos. <\/span><\/span><\/p>\n<p class=\"s6\">\n<p class=\"s6\"><span class=\"s7\"><span class=\"bumpedFont15\">\u201cEl zool\u00f3gico Wameru alberga actualmente a 300 animales de aproximadamente 50 especies. A pesar de estar en operaci\u00f3n, sabemos que enfrenta grandes retos, y por eso hemos decidido actuar. Se intervendr\u00e1n los espacios y h\u00e1bitats para garantizar las condiciones adecuadas para las especies y mejorar la experiencia de quienes lo visitan. Es importante subrayar que no se erogar\u00e1 recurso p\u00fablico en este rescate, reafirmando nuestro compromiso con la transparencia y el buen uso de los recursos del estado\u201d, expres\u00f3. <\/span><\/span><\/p>\n<p class=\"s6\">\n<p class=\"s6\"><span class=\"s7\"><span class=\"bumpedFont15\">El Gobernador afirm\u00f3 que se dar\u00e1 puntual seguimiento al proyecto y a su funcionamiento para cumplir con los ordenamientos federales, estatales y municipales. \u00a0Asimismo, asegur\u00f3 que esta transformaci\u00f3n se llevar\u00e1 a cabo de manera responsable y en beneficio de todas las especies. <\/span><\/span><\/p>\n<p class=\"s6\">\n<p class=\"s6\"><span class=\"s7\"><span class=\"bumpedFont15\">De la misma forma, reconoci\u00f3 la labor del presidente municipal de El Marqu\u00e9s, Rodrigo Monsalvo; del secretario de Desarrollo Sustentable, Marco Del Prete; y del Procurador Estatal de Protecci\u00f3n al Medio Ambiente y Desarrollo Urbano, Jos\u00e9 Luis Pe\u00f1a R\u00edos, quienes dijo, han sido clave en la planeaci\u00f3n de esta iniciativa para iniciar un camino que no solo beneficiar\u00e1 a los animales que ah\u00ed habitan, sino tambi\u00e9n busca fortalecer la educaci\u00f3n ambiental en nuestro estado.<\/span><\/span><\/p>\n<p class=\"s6\">\n<p class=\"s6\"><span class=\"s7\"><span class=\"bumpedFont15\">Por \u00faltimo, Diego Niembro se\u00f1al\u00f3 que, en los pr\u00f3ximos d\u00edas, realizar\u00e1 una presentaci\u00f3n ante los medios de comunicaci\u00f3n para dar a conocer m\u00e1s detalles de dicho proyecto.<\/span><\/span><\/p>\n","protected":false},"excerpt":{"rendered":"<p>A trav\u00e9s de un video en redes sociales, el gobernador, Mauricio Kuri Gonz\u00e1lez, anunci\u00f3 que, derivado de las \u00e1reas de oportunidad detectadas en los m\u00e1s recientes recorridos al Zool\u00f3gico Wameru, as\u00ed como de la voluntad de empresarias y empresarios queretanos, se trabaja de manera conjunta en el rescate de dicho espacio, lo que permitir\u00e1 recuperar un lugar emblem\u00e1tico. \u201cQuer\u00e9taro es<\/p>\n<div class=\"h10\"><\/div>\n<p><a class=\"more-link2 flat\" href=\"https:\/\/elconspirador.com.mx\/?p=57712\">Leer m\u00e1s<\/a><\/p>\n","protected":false},"author":1,"featured_media":57393,"comment_status":"open","ping_status":"open","sticky":false,"template":"","format":"standard","meta":{"om_disable_all_campaigns":false,"_uf_show_specific_survey":0,"_uf_disable_surveys":false},"categories":[1],"tags":[],"aioseo_notices":[],"_links":{"self":[{"href":"https:\/\/elconspirador.com.mx\/index.php?rest_route=\/wp\/v2\/posts\/57712"}],"collection":[{"href":"https:\/\/elconspirador.com.mx\/index.php?rest_route=\/wp\/v2\/posts"}],"about":[{"href":"https:\/\/elconspirador.com.mx\/index.php?rest_route=\/wp\/v2\/types\/post"}],"author":[{"embeddable":true,"href":"https:\/\/elconspirador.com.mx\/index.php?rest_route=\/wp\/v2\/users\/1"}],"replies":[{"embeddable":true,"href":"https:\/\/elconspirador.com.mx\/index.php?rest_route=%2Fwp%2Fv2%2Fcomments&post=57712"}],"version-history":[{"count":1,"href":"https:\/\/elconspirador.com.mx\/index.php?rest_route=\/wp\/v2\/posts\/57712\/revisions"}],"predecessor-version":[{"id":57713,"href":"https:\/\/elconspirador.com.mx\/index.php?rest_route=\/wp\/v2\/posts\/57712\/revisions\/57713"}],"wp:featuredmedia":[{"embeddable":true,"href":"https:\/\/elconspirador.com.mx\/index.php?rest_route=\/wp\/v2\/media\/57393"}],"wp:attachment":[{"href":"https:\/\/elconspirador.com.mx\/index.php?rest_route=%2Fwp%2Fv2%2Fmedia&parent=57712"}],"wp:term":[{"taxonomy":"category","embeddable":true,"href":"https:\/\/elconspirador.com.mx\/index.php?rest_route=%2Fwp%2Fv2%2Fcategories&post=57712"},{"taxonomy":"post_tag","embeddable":true,"href":"https:\/\/elconspirador.com.mx\/index.php?rest_route=%2Fwp%2Fv2%2Ftags&post=57712"}],"curies":[{"name":"wp","href":"https:\/\/api.w.org\/{rel}","templated":true}]}}