{"id":64385,"date":"2025-07-07T19:02:50","date_gmt":"2025-07-08T01:02:50","guid":{"rendered":"https:\/\/elconspirador.com.mx\/?p=64385"},"modified":"2025-07-07T19:02:50","modified_gmt":"2025-07-08T01:02:50","slug":"espera-gobierno-de-qro-de-liberacion-de-libramiento-57d-por-obras-en-la-mexico-queretaro","status":"publish","type":"post","link":"https:\/\/elconspirador.com.mx\/?p=64385","title":{"rendered":"ESPERA GOBIERNO DE QRO DE LIBERACI\u00d3N DE LIBRAMIENTO 57D POR OBRAS EN LA M\u00c9XICO-QUER\u00c9TARO"},"content":{"rendered":"<p>&nbsp;<\/p>\n<p>El gobernador Mauricio Kuri Gonz\u00e1lez dijo que est\u00e1n a la espera de que la Secretar\u00eda de Infraestructura, Comunicaciones y Transportes (SICT) responda a la petici\u00f3n de liberar la caseta del libramiento 57D para que pueda ser utilizado como v\u00eda alterna mientras duran las obras de la carretera, que iniciaron el pasado 4 de julio.<\/p>\n<p>Record\u00f3 que se pidi\u00f3 utilizar dicha vialidad como v\u00eda alterna en tanto se ejecutan las obras en el tramo que va de Los Cues a El Colorado. El gobernador dio a conocer que tambi\u00e9n se solicit\u00f3 disminuir el costo del macrolibramiento a Palmillas y a la 57D.<\/p>\n<p>\u201cSeguimos dando guerra, hay buena relaci\u00f3n con Banobras, pero no nos han contestado, pedimos dos cosas en la 57D que pongan m\u00e1s casetas porque luego se hace mucho tr\u00e1fico con los camiones y despu\u00e9s que sea m\u00e1s barata para que no pasen por 5 de febrero y todo el centro de la ciudad\u201d, puntualiz\u00f3.<\/p>\n<p>En d\u00edas pasados el titular de la Secretar\u00eda de desarrollo urbano y obras p\u00fablicas, Jos\u00e9 P\u00edo X Salgado Tovar, inform\u00f3 que se hab\u00eda llegado a un acuerdo para liberar la caseta en el libramiento; sin embargo, d\u00edas despu\u00e9s Samuel Mena Stadelmann, delegado de la Secretar\u00eda de Gobernaci\u00f3n en Quer\u00e9taro, se\u00f1al\u00f3 que no era una opci\u00f3n viable.<\/p>\n","protected":false},"excerpt":{"rendered":"<p>&nbsp; El gobernador Mauricio Kuri Gonz\u00e1lez dijo que est\u00e1n a la espera de que la Secretar\u00eda de Infraestructura, Comunicaciones y Transportes (SICT) responda a la petici\u00f3n de liberar la caseta del libramiento 57D para que pueda ser utilizado como v\u00eda alterna mientras duran las obras de la carretera, que iniciaron el pasado 4 de julio. Record\u00f3 que se pidi\u00f3 utilizar<\/p>\n<div class=\"h10\"><\/div>\n<p><a class=\"more-link2 flat\" href=\"https:\/\/elconspirador.com.mx\/?p=64385\">Leer m\u00e1s<\/a><\/p>\n","protected":false},"author":1,"featured_media":64381,"comment_status":"open","ping_status":"open","sticky":false,"template":"","format":"standard","meta":{"om_disable_all_campaigns":false,"_uf_show_specific_survey":0,"_uf_disable_surveys":false},"categories":[1],"tags":[],"aioseo_notices":[],"_links":{"self":[{"href":"https:\/\/elconspirador.com.mx\/index.php?rest_route=\/wp\/v2\/posts\/64385"}],"collection":[{"href":"https:\/\/elconspirador.com.mx\/index.php?rest_route=\/wp\/v2\/posts"}],"about":[{"href":"https:\/\/elconspirador.com.mx\/index.php?rest_route=\/wp\/v2\/types\/post"}],"author":[{"embeddable":true,"href":"https:\/\/elconspirador.com.mx\/index.php?rest_route=\/wp\/v2\/users\/1"}],"replies":[{"embeddable":true,"href":"https:\/\/elconspirador.com.mx\/index.php?rest_route=%2Fwp%2Fv2%2Fcomments&post=64385"}],"version-history":[{"count":1,"href":"https:\/\/elconspirador.com.mx\/index.php?rest_route=\/wp\/v2\/posts\/64385\/revisions"}],"predecessor-version":[{"id":64387,"href":"https:\/\/elconspirador.com.mx\/index.php?rest_route=\/wp\/v2\/posts\/64385\/revisions\/64387"}],"wp:featuredmedia":[{"embeddable":true,"href":"https:\/\/elconspirador.com.mx\/index.php?rest_route=\/wp\/v2\/media\/64381"}],"wp:attachment":[{"href":"https:\/\/elconspirador.com.mx\/index.php?rest_route=%2Fwp%2Fv2%2Fmedia&parent=64385"}],"wp:term":[{"taxonomy":"category","embeddable":true,"href":"https:\/\/elconspirador.com.mx\/index.php?rest_route=%2Fwp%2Fv2%2Fcategories&post=64385"},{"taxonomy":"post_tag","embeddable":true,"href":"https:\/\/elconspirador.com.mx\/index.php?rest_route=%2Fwp%2Fv2%2Ftags&post=64385"}],"curies":[{"name":"wp","href":"https:\/\/api.w.org\/{rel}","templated":true}]}}