{"id":67725,"date":"2025-09-14T15:42:09","date_gmt":"2025-09-14T21:42:09","guid":{"rendered":"https:\/\/elconspirador.com.mx\/?p=67725"},"modified":"2025-09-14T15:42:09","modified_gmt":"2025-09-14T21:42:09","slug":"detienen-a-mujer-por-feminicidio-de-mujer-embarazada","status":"publish","type":"post","link":"https:\/\/elconspirador.com.mx\/?p=67725","title":{"rendered":"DETIENEN A MUJER POR FEMINICIDIO DE MUJER EMBARAZADA"},"content":{"rendered":"<p class=\"paragraph\" data-mrf-recirculation=\"Links inline\">La justicia de Ciudad Ju\u00e1rez ha dado un paso relevante en el combate a la violencia de g\u00e9nerotras la vinculaci\u00f3n a proceso de Martha Alicia M. A., identificada como \u201cLa Diabla\u201d y acusada de feminicidio agravado y homicidio agravado en grado de tentativa.<\/p>\n<p class=\"paragraph\" data-mrf-recirculation=\"Links inline\">De acuerdo con la Fiscal\u00eda General del Estado (FGE), los hechos, ocurridos en julio de 2025, involucran la muerte de una joven embarazada y las graves lesiones sufridas por su reci\u00e9n nacido, lo que puso en el centro del debate la protecci\u00f3n de mujeres y menores en la regi\u00f3n.<\/p>\n<div class=\"inline ad-wrapper\">\n<div class=\"dfpAd ad-inline\"><\/div>\n<\/div>\n<p class=\"paragraph\" data-mrf-recirculation=\"Links inline\">La imputada enfrenta cargos por su probable responsabilidad en los delitos cometidos el 17 de julio de 2025. De acuerdo con las investigaciones, la v\u00edctima, una mujer de 20 a\u00f1os en el s\u00e9ptimo mes de gestaci\u00f3n, fue localizada sin vida el 25 de julio en una vivienda del fraccionamiento Portal del Roble.<\/p>\n<p class=\"paragraph\" data-mrf-recirculation=\"Links inline\">De acuerdo con el expediente, el cuerpo fue hallado inhumado clandestinamente y sin el gestante, lo que marc\u00f3 el inicio de una investigaci\u00f3n que atrajo la atenci\u00f3n de las autoridades.<\/p>\n<p class=\"paragraph\" data-mrf-recirculation=\"Links inline\">El informe forense determin\u00f3 que la causa de muerte fue un choque hipovol\u00e9mico, resultado directo de una extracci\u00f3n uterina. Este dato, revelado tras la necropsia, subraya la violencia extrema del acto y la gravedad de los hechos investigados.<\/p>\n<p class=\"paragraph\" data-mrf-recirculation=\"Links inline\">Las indagatorias establecieron que el mismo 17 de julio, Martha Alicia M. A., de 44 a\u00f1os, traslad\u00f3 al reci\u00e9n nacido a un hospital en la colonia Zaragoza, donde recibi\u00f3 atenci\u00f3n m\u00e9dica inicial.<\/p>\n<p class=\"paragraph\" data-mrf-recirculation=\"Links inline\">Posteriormente, el beb\u00e9 fue remitido al Hospital Infantil, donde los especialistas constataron que presentaba lesiones que pon\u00edan en riesgo su vida y que podr\u00edan dejar consecuencias m\u00e9dico-legales, con pron\u00f3stico de salud reservado.<\/p>\n<p class=\"paragraph\" data-mrf-recirculation=\"Links inline\">La detenci\u00f3n de la acusada se concret\u00f3 el 5 de septiembre, tras la emisi\u00f3n de una orden de aprehensi\u00f3n y la colaboraci\u00f3n de la Agencia Estatal de Investigaci\u00f3n Zona Centro. El operativo se realiz\u00f3 en el kil\u00f3metro 3.5 de la carretera de Chihuahua a Aldama, donde los agentes cumplimentaron la orden judicial.<\/p>\n<p class=\"paragraph\" data-mrf-recirculation=\"Links inline\">Durante la audiencia, el Juez de Control consider\u00f3 que exist\u00edan elementos suficientes para vincular a proceso a Martha Alicia M. A. y decret\u00f3 la medida cautelar de prisi\u00f3n preventiva.<\/p>\n<p class=\"paragraph\" data-mrf-recirculation=\"Links inline\">Adem\u00e1s, se estableci\u00f3 un plazo de seis meses para el desarrollo de la investigaci\u00f3n complementaria, periodo en el que se espera que se re\u00fanan m\u00e1s pruebas y se esclarezcan todos los aspectos del caso.<\/p>\n<p class=\"paragraph\" data-mrf-recirculation=\"Links inline\">En el marco de este proceso, la Fiscal\u00eda General del Estado reiter\u00f3 su determinaci\u00f3n de actuar con firmeza ante delitos que atenten contra la integridad de mujeres, ni\u00f1as, ni\u00f1os y adolescentes, reafirmando su compromiso con la justicia y la protecci\u00f3n de los sectores m\u00e1s vulnerables.<\/p>\n<p class=\"paragraph\" data-mrf-recirculation=\"Links inline\">De acuerdo con la legislaci\u00f3n vigente y el art\u00edculo 13 del C\u00f3digo Nacional de Procedimientos Penales, la persona imputada goza de la presunci\u00f3n de inocencia hasta que una sentencia judicial determine lo contrario.<\/p>\n<p class=\"paragraph\" data-mrf-recirculation=\"Links inline\">La actuaci\u00f3n de las autoridades en este caso busca fortalecer la garant\u00eda de justicia y protecci\u00f3n efectiva para quienes sufren violencia de g\u00e9nero y delitos contra la infancia.<\/p>\n","protected":false},"excerpt":{"rendered":"<p>La justicia de Ciudad Ju\u00e1rez ha dado un paso relevante en el combate a la violencia de g\u00e9nerotras la vinculaci\u00f3n a proceso de Martha Alicia M. A., identificada como \u201cLa Diabla\u201d y acusada de feminicidio agravado y homicidio agravado en grado de tentativa. De acuerdo con la Fiscal\u00eda General del Estado (FGE), los hechos, ocurridos en julio de 2025, involucran<\/p>\n<div class=\"h10\"><\/div>\n<p><a class=\"more-link2 flat\" href=\"https:\/\/elconspirador.com.mx\/?p=67725\">Leer m\u00e1s<\/a><\/p>\n","protected":false},"author":1,"featured_media":67726,"comment_status":"open","ping_status":"open","sticky":false,"template":"","format":"standard","meta":{"om_disable_all_campaigns":false,"_uf_show_specific_survey":0,"_uf_disable_surveys":false},"categories":[68],"tags":[],"aioseo_notices":[],"_links":{"self":[{"href":"https:\/\/elconspirador.com.mx\/index.php?rest_route=\/wp\/v2\/posts\/67725"}],"collection":[{"href":"https:\/\/elconspirador.com.mx\/index.php?rest_route=\/wp\/v2\/posts"}],"about":[{"href":"https:\/\/elconspirador.com.mx\/index.php?rest_route=\/wp\/v2\/types\/post"}],"author":[{"embeddable":true,"href":"https:\/\/elconspirador.com.mx\/index.php?rest_route=\/wp\/v2\/users\/1"}],"replies":[{"embeddable":true,"href":"https:\/\/elconspirador.com.mx\/index.php?rest_route=%2Fwp%2Fv2%2Fcomments&post=67725"}],"version-history":[{"count":1,"href":"https:\/\/elconspirador.com.mx\/index.php?rest_route=\/wp\/v2\/posts\/67725\/revisions"}],"predecessor-version":[{"id":67727,"href":"https:\/\/elconspirador.com.mx\/index.php?rest_route=\/wp\/v2\/posts\/67725\/revisions\/67727"}],"wp:featuredmedia":[{"embeddable":true,"href":"https:\/\/elconspirador.com.mx\/index.php?rest_route=\/wp\/v2\/media\/67726"}],"wp:attachment":[{"href":"https:\/\/elconspirador.com.mx\/index.php?rest_route=%2Fwp%2Fv2%2Fmedia&parent=67725"}],"wp:term":[{"taxonomy":"category","embeddable":true,"href":"https:\/\/elconspirador.com.mx\/index.php?rest_route=%2Fwp%2Fv2%2Fcategories&post=67725"},{"taxonomy":"post_tag","embeddable":true,"href":"https:\/\/elconspirador.com.mx\/index.php?rest_route=%2Fwp%2Fv2%2Ftags&post=67725"}],"curies":[{"name":"wp","href":"https:\/\/api.w.org\/{rel}","templated":true}]}}