{"id":67902,"date":"2025-09-21T09:28:37","date_gmt":"2025-09-21T15:28:37","guid":{"rendered":"https:\/\/elconspirador.com.mx\/?p=67902"},"modified":"2025-09-21T09:28:37","modified_gmt":"2025-09-21T15:28:37","slug":"lopez-birlain-se-fortalece-rumbo-al-2027","status":"publish","type":"post","link":"https:\/\/elconspirador.com.mx\/?p=67902","title":{"rendered":"L\u00d3PEZ BIRLAIN SE FORTALECE RUMBO AL 2027"},"content":{"rendered":"<p>La secretaria de Cultura del Gobierno del Estado de Quer\u00e9taro, Ana Paola L\u00f3pez Birlain, confi\u00f3 en que su labor en la administraci\u00f3n estatal le abrir\u00e1 \u201cpuertas y caminos\u201d en el futuro pol\u00edtico, una vez que lleguen los tiempos del partido y de la ley electoral.<\/p>\n<p>La funcionaria fue cuestionada sobre si buscar\u00e1 una candidatura rumbo al proceso electoral de 2027. Se\u00f1al\u00f3 que hoy su prioridad es fortalecer la Secretar\u00eda de Cultura y entregar resultados a la ciudadan\u00eda.<\/p>\n<p>\u201cSoy una pol\u00edtica de profesi\u00f3n, tengo la vocaci\u00f3n de estar en pol\u00edtica. Los resultados del trabajo y la acci\u00f3n diaria es lo que te abre puertas y caminos\u201d, expres\u00f3.<br \/>\nL\u00f3pez Birlain subray\u00f3 que actualmente se debe al gobernador y a la responsabilidad que le fue encomendada.<\/p>\n<p>\u201cHoy me debo al gobernador, trabajo por instrucci\u00f3n del gobernador en esta Secretar\u00eda y con mi trabajo estoy segura que podremos seguir avanzando en favor de Quer\u00e9taro\u201d.<br \/>\nRespecto a su partido, indic\u00f3 que todav\u00eda no hay definiciones ni convocatorias para el pr\u00f3ximo proceso electoral.<\/p>\n<p>\u201cDefinitivamente, el partido est\u00e1 abierto a las posibilidades de hombres y mujeres. No han emitido ninguna convocatoria ni alguna invitaci\u00f3n tanto para aceptar como para negarle la posibilidad a cualquiera\u201d, dijo.<\/p>\n<p>La secretaria insisti\u00f3 en que conf\u00eda en que el esfuerzo que ha desempe\u00f1ado durante 17 a\u00f1os de trayectoria pol\u00edtica le permitir\u00e1 valorar opciones cuando sea el momento adecuado.<\/p>\n<p>\u201cTrabajar te abre puertas y yo estoy trabajando, como he trabajado durante 17 a\u00f1os, con resultados y con una trayectoria que me ha permitido abrir muchas puertas\u201d, explic\u00f3.<\/p>\n<p>Al mismo tiempo, destac\u00f3 que Quer\u00e9taro cuenta con mujeres preparadas para ocupar puestos de decisi\u00f3n.<\/p>\n<p>\u201cEn Quer\u00e9taro hay, habemos mujeres preparadas con formaci\u00f3n y capacidad y que los tiempos electorales pues ser\u00e1n m\u00e1s adelante hoy me tengo que enfocar en dar resultados a quien me tiene en esta gran responsabilidad&#8221;, asegur\u00f3.<\/p>\n<p>Finalmente, reiter\u00f3 que su convicci\u00f3n est\u00e1 en entregar resultados en el cargo actual, sin distraerse en escenarios pol\u00edticos.<\/p>\n<p>\u201cHoy me tengo que enfocar en dar resultados en esta gran responsabilidad y no puedo distraer mi acci\u00f3n en un proceso electoral, porque no son los tiempos\u201d, afirm\u00f3.<\/p>\n","protected":false},"excerpt":{"rendered":"<p>La secretaria de Cultura del Gobierno del Estado de Quer\u00e9taro, Ana Paola L\u00f3pez Birlain, confi\u00f3 en que su labor en la administraci\u00f3n estatal le abrir\u00e1 \u201cpuertas y caminos\u201d en el futuro pol\u00edtico, una vez que lleguen los tiempos del partido y de la ley electoral. La funcionaria fue cuestionada sobre si buscar\u00e1 una candidatura rumbo al proceso electoral de 2027.<\/p>\n<div class=\"h10\"><\/div>\n<p><a class=\"more-link2 flat\" href=\"https:\/\/elconspirador.com.mx\/?p=67902\">Leer m\u00e1s<\/a><\/p>\n","protected":false},"author":1,"featured_media":67903,"comment_status":"open","ping_status":"open","sticky":false,"template":"","format":"standard","meta":{"om_disable_all_campaigns":false,"_uf_show_specific_survey":0,"_uf_disable_surveys":false},"categories":[1],"tags":[],"aioseo_notices":[],"_links":{"self":[{"href":"https:\/\/elconspirador.com.mx\/index.php?rest_route=\/wp\/v2\/posts\/67902"}],"collection":[{"href":"https:\/\/elconspirador.com.mx\/index.php?rest_route=\/wp\/v2\/posts"}],"about":[{"href":"https:\/\/elconspirador.com.mx\/index.php?rest_route=\/wp\/v2\/types\/post"}],"author":[{"embeddable":true,"href":"https:\/\/elconspirador.com.mx\/index.php?rest_route=\/wp\/v2\/users\/1"}],"replies":[{"embeddable":true,"href":"https:\/\/elconspirador.com.mx\/index.php?rest_route=%2Fwp%2Fv2%2Fcomments&post=67902"}],"version-history":[{"count":1,"href":"https:\/\/elconspirador.com.mx\/index.php?rest_route=\/wp\/v2\/posts\/67902\/revisions"}],"predecessor-version":[{"id":67904,"href":"https:\/\/elconspirador.com.mx\/index.php?rest_route=\/wp\/v2\/posts\/67902\/revisions\/67904"}],"wp:featuredmedia":[{"embeddable":true,"href":"https:\/\/elconspirador.com.mx\/index.php?rest_route=\/wp\/v2\/media\/67903"}],"wp:attachment":[{"href":"https:\/\/elconspirador.com.mx\/index.php?rest_route=%2Fwp%2Fv2%2Fmedia&parent=67902"}],"wp:term":[{"taxonomy":"category","embeddable":true,"href":"https:\/\/elconspirador.com.mx\/index.php?rest_route=%2Fwp%2Fv2%2Fcategories&post=67902"},{"taxonomy":"post_tag","embeddable":true,"href":"https:\/\/elconspirador.com.mx\/index.php?rest_route=%2Fwp%2Fv2%2Ftags&post=67902"}],"curies":[{"name":"wp","href":"https:\/\/api.w.org\/{rel}","templated":true}]}}