{"id":74996,"date":"2026-02-23T20:04:24","date_gmt":"2026-02-24T02:04:24","guid":{"rendered":"https:\/\/elconspirador.com.mx\/?p=74996"},"modified":"2026-02-23T20:04:24","modified_gmt":"2026-02-24T02:04:24","slug":"seseq-garantiza-vacunas-vs-sarampion","status":"publish","type":"post","link":"https:\/\/elconspirador.com.mx\/?p=74996","title":{"rendered":"SESEQ GARANTIZA VACUNAS VS SARAMPI\u00d3N"},"content":{"rendered":"<p>La secretaria de Salud del estado, Martina P\u00e9rez Rend\u00f3n, garantiz\u00f3 el abasto de vacunas contra el sarampi\u00f3n en Quer\u00e9taro y asegur\u00f3 que existe coordinaci\u00f3n permanente con la federaci\u00f3n para evitar desabasto.<\/p>\n<p>La funcionaria se\u00f1al\u00f3 que actualmente se cuenta con suficientes dosis; sin embargo, reconoci\u00f3 que el inventario se modifica diariamente debido a la aplicaci\u00f3n constante del biol\u00f3gico.<\/p>\n<p>\u201cS\u00ed hay la disponibilidad suficiente y estamos en coordinaci\u00f3n permanente con la federaci\u00f3n para que, en caso de que disminuya, va disminuyendo todos los d\u00edas porque estamos aplicando, pero a un nivel que necesitamos que nos resurtan, as\u00ed se haga\u201d, expres\u00f3.<\/p>\n<p>Inform\u00f3 que, por el momento, la vacuna se aplica de manera prioritaria a ni\u00f1as y ni\u00f1os de cero a 12 a\u00f1os, as\u00ed como a otros grupos considerados de riesgo.<\/p>\n<p>\u201cSeguimos avanzando en la vacunaci\u00f3n. Hacer mucho \u00e9nfasis en que el grupo prioritario en este momento para Quer\u00e9taro es de cero a 12 a\u00f1os\u201d.<\/p>\n<p>Adem\u00e1s, el Instituto Mexicano del Seguro Social habilit\u00f3 puntos itinerantes de vacunaci\u00f3n en la capital del estado para ampliar la cobertura y facilitar el acceso a la poblaci\u00f3n.<\/p>\n<p>Las autoridades de salud reiteraron el llamado a madres y padres de familia para completar los esquemas de vacunaci\u00f3n y acudir a los m\u00f3dulos disponibles.<\/p>\n","protected":false},"excerpt":{"rendered":"<p>La secretaria de Salud del estado, Martina P\u00e9rez Rend\u00f3n, garantiz\u00f3 el abasto de vacunas contra el sarampi\u00f3n en Quer\u00e9taro y asegur\u00f3 que existe coordinaci\u00f3n permanente con la federaci\u00f3n para evitar desabasto. La funcionaria se\u00f1al\u00f3 que actualmente se cuenta con suficientes dosis; sin embargo, reconoci\u00f3 que el inventario se modifica diariamente debido a la aplicaci\u00f3n constante del biol\u00f3gico. \u201cS\u00ed hay la<\/p>\n<div class=\"h10\"><\/div>\n<p><a class=\"more-link2 flat\" href=\"https:\/\/elconspirador.com.mx\/?p=74996\">Leer m\u00e1s<\/a><\/p>\n","protected":false},"author":1,"featured_media":74997,"comment_status":"open","ping_status":"open","sticky":false,"template":"","format":"standard","meta":{"om_disable_all_campaigns":false,"_uf_show_specific_survey":0,"_uf_disable_surveys":false},"categories":[1],"tags":[],"aioseo_notices":[],"_links":{"self":[{"href":"https:\/\/elconspirador.com.mx\/index.php?rest_route=\/wp\/v2\/posts\/74996"}],"collection":[{"href":"https:\/\/elconspirador.com.mx\/index.php?rest_route=\/wp\/v2\/posts"}],"about":[{"href":"https:\/\/elconspirador.com.mx\/index.php?rest_route=\/wp\/v2\/types\/post"}],"author":[{"embeddable":true,"href":"https:\/\/elconspirador.com.mx\/index.php?rest_route=\/wp\/v2\/users\/1"}],"replies":[{"embeddable":true,"href":"https:\/\/elconspirador.com.mx\/index.php?rest_route=%2Fwp%2Fv2%2Fcomments&post=74996"}],"version-history":[{"count":1,"href":"https:\/\/elconspirador.com.mx\/index.php?rest_route=\/wp\/v2\/posts\/74996\/revisions"}],"predecessor-version":[{"id":74998,"href":"https:\/\/elconspirador.com.mx\/index.php?rest_route=\/wp\/v2\/posts\/74996\/revisions\/74998"}],"wp:featuredmedia":[{"embeddable":true,"href":"https:\/\/elconspirador.com.mx\/index.php?rest_route=\/wp\/v2\/media\/74997"}],"wp:attachment":[{"href":"https:\/\/elconspirador.com.mx\/index.php?rest_route=%2Fwp%2Fv2%2Fmedia&parent=74996"}],"wp:term":[{"taxonomy":"category","embeddable":true,"href":"https:\/\/elconspirador.com.mx\/index.php?rest_route=%2Fwp%2Fv2%2Fcategories&post=74996"},{"taxonomy":"post_tag","embeddable":true,"href":"https:\/\/elconspirador.com.mx\/index.php?rest_route=%2Fwp%2Fv2%2Ftags&post=74996"}],"curies":[{"name":"wp","href":"https:\/\/api.w.org\/{rel}","templated":true}]}}