{"id":74999,"date":"2026-02-23T16:45:59","date_gmt":"2026-02-23T22:45:59","guid":{"rendered":"https:\/\/elconspirador.com.mx\/?p=74999"},"modified":"2026-02-23T16:45:59","modified_gmt":"2026-02-23T22:45:59","slug":"se-casan-300-en-sjr-en-matrimonios-colectivos","status":"publish","type":"post","link":"https:\/\/elconspirador.com.mx\/?p=74999","title":{"rendered":"SE CASAN 300 EN SJR EN MATRIMONIOS COLECTIVOS"},"content":{"rendered":"<p>Para fortalecer a las familias y, con ellas, al municipio sanjuanense, la Presidencia de San Juan del R\u00edo y el Sistema Municipal para el Desarrollo Integral de la Familia (DIF), llevaron a cabo la ceremonia de \u201cMatrimonios Colectivos 2026\u201d, a trav\u00e9s del cual m\u00e1s de 300 parejas formalizaron su uni\u00f3n y se comprometieron a seguir fomentando el respeto y el amor, mediante este mecanismo legal.<\/p>\n<p>Durante el evento -realizado en las instalaciones del DIF Municipal-, el secretario de Gobierno del municipio de San Juan del R\u00edo, Abel Espinoza Su\u00e1rez, destac\u00f3 que en la demarcaci\u00f3n se pone a las personas en el centro de las decisiones y se trabaja para que cada familia viva mejor. En su intervenci\u00f3n, la directora del Sistema Municipal DIF, Mar\u00eda Patricia Mendoza Mej\u00eda, mencion\u00f3 que los \u201cMatrimonios Colectivos 2026\u201d reafirman el compromiso del Gobierno Municipal con las familias y su certeza jur\u00eddica.<\/p>\n<p>En este sentido, Abel Espinoza mencion\u00f3: \u201cAl verlos aqu\u00ed, entendemos que un municipio se fortalece cuando se fortalecen sus hogares, por eso, esta ceremonia tambi\u00e9n representa un Legado de Bien Com\u00fan, porque impulsa la uni\u00f3n, la certeza y la protecci\u00f3n de lo m\u00e1s valioso que tenemos: Nuestra gente. En San Juan del R\u00edo creemos en una ruta clara: Mejor Gobierno, Mejor Ciudad y Mejor Sociedad\u201d.<\/p>\n<p>\u201cGracias por permitirnos ser parte de este momento tan importante, desde DIF Municipal celebramos su amor, su decisi\u00f3n y el futuro que hoy comienzan a construir juntos. Este d\u00eda, para ustedes y para nosotros, quedar\u00e1 marcado como el inicio de una etapa llena de uni\u00f3n, esperanza y much\u00edsimo amor\u201d, enfatiz\u00f3, por su parte, Mar\u00eda Patricia Mendoza.<\/p>\n<p>Espinoza Su\u00e1rez agreg\u00f3 que unir a las familias deja huella en cada una de ellas, por ello, pidi\u00f3 a la ciudadan\u00eda buscar la tranquilidad y la estabilidad en cada una de sus casas. Tras emitir sus mensajes, se llev\u00f3 a cabo la partida del pastel en donde participaron las 306 familias y sus acompa\u00f1antes.<\/p>\n","protected":false},"excerpt":{"rendered":"<p>Para fortalecer a las familias y, con ellas, al municipio sanjuanense, la Presidencia de San Juan del R\u00edo y el Sistema Municipal para el Desarrollo Integral de la Familia (DIF), llevaron a cabo la ceremonia de \u201cMatrimonios Colectivos 2026\u201d, a trav\u00e9s del cual m\u00e1s de 300 parejas formalizaron su uni\u00f3n y se comprometieron a seguir fomentando el respeto y el<\/p>\n<div class=\"h10\"><\/div>\n<p><a class=\"more-link2 flat\" href=\"https:\/\/elconspirador.com.mx\/?p=74999\">Leer m\u00e1s<\/a><\/p>\n","protected":false},"author":1,"featured_media":75000,"comment_status":"open","ping_status":"open","sticky":false,"template":"","format":"standard","meta":{"om_disable_all_campaigns":false,"_uf_show_specific_survey":0,"_uf_disable_surveys":false},"categories":[1],"tags":[],"aioseo_notices":[],"_links":{"self":[{"href":"https:\/\/elconspirador.com.mx\/index.php?rest_route=\/wp\/v2\/posts\/74999"}],"collection":[{"href":"https:\/\/elconspirador.com.mx\/index.php?rest_route=\/wp\/v2\/posts"}],"about":[{"href":"https:\/\/elconspirador.com.mx\/index.php?rest_route=\/wp\/v2\/types\/post"}],"author":[{"embeddable":true,"href":"https:\/\/elconspirador.com.mx\/index.php?rest_route=\/wp\/v2\/users\/1"}],"replies":[{"embeddable":true,"href":"https:\/\/elconspirador.com.mx\/index.php?rest_route=%2Fwp%2Fv2%2Fcomments&post=74999"}],"version-history":[{"count":1,"href":"https:\/\/elconspirador.com.mx\/index.php?rest_route=\/wp\/v2\/posts\/74999\/revisions"}],"predecessor-version":[{"id":75001,"href":"https:\/\/elconspirador.com.mx\/index.php?rest_route=\/wp\/v2\/posts\/74999\/revisions\/75001"}],"wp:featuredmedia":[{"embeddable":true,"href":"https:\/\/elconspirador.com.mx\/index.php?rest_route=\/wp\/v2\/media\/75000"}],"wp:attachment":[{"href":"https:\/\/elconspirador.com.mx\/index.php?rest_route=%2Fwp%2Fv2%2Fmedia&parent=74999"}],"wp:term":[{"taxonomy":"category","embeddable":true,"href":"https:\/\/elconspirador.com.mx\/index.php?rest_route=%2Fwp%2Fv2%2Fcategories&post=74999"},{"taxonomy":"post_tag","embeddable":true,"href":"https:\/\/elconspirador.com.mx\/index.php?rest_route=%2Fwp%2Fv2%2Ftags&post=74999"}],"curies":[{"name":"wp","href":"https:\/\/api.w.org\/{rel}","templated":true}]}}