{"id":75006,"date":"2026-02-23T17:45:54","date_gmt":"2026-02-23T23:45:54","guid":{"rendered":"https:\/\/elconspirador.com.mx\/?p=75006"},"modified":"2026-02-23T17:45:54","modified_gmt":"2026-02-23T23:45:54","slug":"manana-regresan-todos-a-clases","status":"publish","type":"post","link":"https:\/\/elconspirador.com.mx\/?p=75006","title":{"rendered":"MA\u00d1ANA REGRESAN TODOS A CLASES"},"content":{"rendered":"<p>El gobernador de Quer\u00e9taro, Mauricio Kuri Gonz\u00e1lez, confirm\u00f3 que a partir de este martes se reanudar\u00e1n las actividades escolares en todo el estado, luego de la suspensi\u00f3n preventiva aplicada el lunes tras los hechos de violencia registrados en distintos puntos del pa\u00eds y en la entidad.<\/p>\n<p>El mandatario estatal se\u00f1al\u00f3 que la decisi\u00f3n de suspender clases se tom\u00f3 como medida preventiva para salvaguardar la integridad de estudiantes, docentes y personal educativo.<\/p>\n<p>\u201cVamos a reanudar las clases en todo el estado. Les pido nuevamente no difundir rumores e informarse en los canales oficiales. El gobierno va a seguir informando de manera permanente las actualizaciones de hechos relevantes\u201d, expres\u00f3.<\/p>\n<p>Kuri Gonz\u00e1lez indic\u00f3 que, pese a los incidentes registrados, la situaci\u00f3n en el estado se mantiene bajo control y con normalidad en la mayor\u00eda de las actividades.<\/p>\n<p>\u201cNo se han presentado mayores incidencias, as\u00ed como lo ha informado el secretario de Gobierno; el estado mantiene su vida normal, de tranquilidad\u201d.<\/p>\n<p>Asimismo, aunque no ofreci\u00f3 mayores detalles, asegur\u00f3 que ya se reportan personas detenidas relacionadas con los hechos de violencia en Quer\u00e9taro.<\/p>\n<p>El Gobierno del Estado reiter\u00f3 el llamado a la poblaci\u00f3n a mantenerse informada a trav\u00e9s de medios oficiales y evitar la difusi\u00f3n de rumores en redes sociales.<\/p>\n","protected":false},"excerpt":{"rendered":"<p>El gobernador de Quer\u00e9taro, Mauricio Kuri Gonz\u00e1lez, confirm\u00f3 que a partir de este martes se reanudar\u00e1n las actividades escolares en todo el estado, luego de la suspensi\u00f3n preventiva aplicada el lunes tras los hechos de violencia registrados en distintos puntos del pa\u00eds y en la entidad. El mandatario estatal se\u00f1al\u00f3 que la decisi\u00f3n de suspender clases se tom\u00f3 como medida<\/p>\n<div class=\"h10\"><\/div>\n<p><a class=\"more-link2 flat\" href=\"https:\/\/elconspirador.com.mx\/?p=75006\">Leer m\u00e1s<\/a><\/p>\n","protected":false},"author":1,"featured_media":75007,"comment_status":"open","ping_status":"open","sticky":false,"template":"","format":"standard","meta":{"om_disable_all_campaigns":false,"_uf_show_specific_survey":0,"_uf_disable_surveys":false},"categories":[1],"tags":[],"aioseo_notices":[],"_links":{"self":[{"href":"https:\/\/elconspirador.com.mx\/index.php?rest_route=\/wp\/v2\/posts\/75006"}],"collection":[{"href":"https:\/\/elconspirador.com.mx\/index.php?rest_route=\/wp\/v2\/posts"}],"about":[{"href":"https:\/\/elconspirador.com.mx\/index.php?rest_route=\/wp\/v2\/types\/post"}],"author":[{"embeddable":true,"href":"https:\/\/elconspirador.com.mx\/index.php?rest_route=\/wp\/v2\/users\/1"}],"replies":[{"embeddable":true,"href":"https:\/\/elconspirador.com.mx\/index.php?rest_route=%2Fwp%2Fv2%2Fcomments&post=75006"}],"version-history":[{"count":1,"href":"https:\/\/elconspirador.com.mx\/index.php?rest_route=\/wp\/v2\/posts\/75006\/revisions"}],"predecessor-version":[{"id":75008,"href":"https:\/\/elconspirador.com.mx\/index.php?rest_route=\/wp\/v2\/posts\/75006\/revisions\/75008"}],"wp:featuredmedia":[{"embeddable":true,"href":"https:\/\/elconspirador.com.mx\/index.php?rest_route=\/wp\/v2\/media\/75007"}],"wp:attachment":[{"href":"https:\/\/elconspirador.com.mx\/index.php?rest_route=%2Fwp%2Fv2%2Fmedia&parent=75006"}],"wp:term":[{"taxonomy":"category","embeddable":true,"href":"https:\/\/elconspirador.com.mx\/index.php?rest_route=%2Fwp%2Fv2%2Fcategories&post=75006"},{"taxonomy":"post_tag","embeddable":true,"href":"https:\/\/elconspirador.com.mx\/index.php?rest_route=%2Fwp%2Fv2%2Ftags&post=75006"}],"curies":[{"name":"wp","href":"https:\/\/api.w.org\/{rel}","templated":true}]}}