{"id":75016,"date":"2026-02-25T07:03:28","date_gmt":"2026-02-25T13:03:28","guid":{"rendered":"https:\/\/elconspirador.com.mx\/?p=75016"},"modified":"2026-02-25T07:03:28","modified_gmt":"2026-02-25T13:03:28","slug":"cerro-colorado-sera-declarado-como-parque-interurbano","status":"publish","type":"post","link":"https:\/\/elconspirador.com.mx\/?p=75016","title":{"rendered":"CERRO COLORADO SER\u00c1 DECLARADO COMO \u201cPARQUE INTERURBANO\u201d"},"content":{"rendered":"<p>El municipio de Quer\u00e9taro prev\u00e9 aprobar este martes la declaratoria del Cerro Colorado como \u00c1rea Natural Protegida (ANP) en la modalidad de parque intraurbano, tras concluir el estudio t\u00e9cnico y el proceso de consulta p\u00fablica, inform\u00f3 Mar\u00eda Guadalupe Espinosa de los Reyes, secretaria del Medio Ambiente municipal.<\/p>\n<p>La funcionaria explic\u00f3 que se trata de una petici\u00f3n ciudadana de largo plazo. \u201cEsta es una petici\u00f3n de ciudadanos que lleva d\u00e9cadas y que por fin hoy se est\u00e1 dando cumplimiento a esta petici\u00f3n\u201d .<\/p>\n<p>El pol\u00edgono considerado abarca 12.41 hect\u00e1reas. De acuerdo con la secretaria, el objetivo es conservar las condiciones ambientales del cerro.<\/p>\n<p>\u201cSon 12.41 hect\u00e1reas que podr\u00edan ayudar a garantizar que las condiciones del cerro (\u2026) permanezcan porque evidentemente tienen un gran valor ambiental que nos beneficia a todos los ciudadanos\u201d, destac\u00f3.<\/p>\n<p>Para sustentar la declaratoria, el municipio elabor\u00f3 un estudio t\u00e9cnico justificativo conforme a la ley, en colaboraci\u00f3n con especialistas y acad\u00e9micos.<\/p>\n<p>Durante la consulta se recibieron observaciones de ciudadanos, instituciones ambientales y organismos gubernamentales y privados, las cuales fueron incorporadas al documento final, seg\u00fan detall\u00f3 la funcionaria .<\/p>\n<p>Uno de los principales se\u00f1alamientos estuvo relacionado con la presencia de especies incluidas en la Norma Oficial Mexicana 059, que clasifica especies en alguna categor\u00eda de riesgo.<\/p>\n<p>Espinosa de los Reyes indic\u00f3 que en el \u00e1rea se proteger\u00e1n 173 especies de flora y fauna. Entre ellas destaca una cact\u00e1cea end\u00e9mica del estado.<\/p>\n<p>\u201cSobre todo la mamilaria matilde, que es una especie end\u00e9mica, es decir, que solamente se encuentra en Quer\u00e9taro. Entonces, estamos protegiendo eso\u201d, explic\u00f3.<\/p>\n<p>Tambi\u00e9n se consider\u00f3 la existencia de una falla geol\u00f3gica en la zona, por lo que el pol\u00edgono busca contemplar medidas relacionadas con ese riesgo.<\/p>\n<p>De aprobarse en Cabildo, Cerro Colorado se sumar\u00eda al cat\u00e1logo municipal de \u00e1reas protegidas. La secretaria record\u00f3 que desde hace m\u00e1s de 10 a\u00f1os no se decretaban nuevas \u00e1reas naturales protegidas en Quer\u00e9taro.<\/p>\n<p>La dependencia se\u00f1al\u00f3 que analiza otros espacios con valor ambiental para evaluar su posible protecci\u00f3n, aunque cada caso requiere un estudio t\u00e9cnico espec\u00edfico.<\/p>\n","protected":false},"excerpt":{"rendered":"<p>El municipio de Quer\u00e9taro prev\u00e9 aprobar este martes la declaratoria del Cerro Colorado como \u00c1rea Natural Protegida (ANP) en la modalidad de parque intraurbano, tras concluir el estudio t\u00e9cnico y el proceso de consulta p\u00fablica, inform\u00f3 Mar\u00eda Guadalupe Espinosa de los Reyes, secretaria del Medio Ambiente municipal. La funcionaria explic\u00f3 que se trata de una petici\u00f3n ciudadana de largo plazo.<\/p>\n<div class=\"h10\"><\/div>\n<p><a class=\"more-link2 flat\" href=\"https:\/\/elconspirador.com.mx\/?p=75016\">Leer m\u00e1s<\/a><\/p>\n","protected":false},"author":1,"featured_media":75017,"comment_status":"open","ping_status":"open","sticky":false,"template":"","format":"standard","meta":{"om_disable_all_campaigns":false,"_uf_show_specific_survey":0,"_uf_disable_surveys":false},"categories":[1],"tags":[],"aioseo_notices":[],"_links":{"self":[{"href":"https:\/\/elconspirador.com.mx\/index.php?rest_route=\/wp\/v2\/posts\/75016"}],"collection":[{"href":"https:\/\/elconspirador.com.mx\/index.php?rest_route=\/wp\/v2\/posts"}],"about":[{"href":"https:\/\/elconspirador.com.mx\/index.php?rest_route=\/wp\/v2\/types\/post"}],"author":[{"embeddable":true,"href":"https:\/\/elconspirador.com.mx\/index.php?rest_route=\/wp\/v2\/users\/1"}],"replies":[{"embeddable":true,"href":"https:\/\/elconspirador.com.mx\/index.php?rest_route=%2Fwp%2Fv2%2Fcomments&post=75016"}],"version-history":[{"count":1,"href":"https:\/\/elconspirador.com.mx\/index.php?rest_route=\/wp\/v2\/posts\/75016\/revisions"}],"predecessor-version":[{"id":75018,"href":"https:\/\/elconspirador.com.mx\/index.php?rest_route=\/wp\/v2\/posts\/75016\/revisions\/75018"}],"wp:featuredmedia":[{"embeddable":true,"href":"https:\/\/elconspirador.com.mx\/index.php?rest_route=\/wp\/v2\/media\/75017"}],"wp:attachment":[{"href":"https:\/\/elconspirador.com.mx\/index.php?rest_route=%2Fwp%2Fv2%2Fmedia&parent=75016"}],"wp:term":[{"taxonomy":"category","embeddable":true,"href":"https:\/\/elconspirador.com.mx\/index.php?rest_route=%2Fwp%2Fv2%2Fcategories&post=75016"},{"taxonomy":"post_tag","embeddable":true,"href":"https:\/\/elconspirador.com.mx\/index.php?rest_route=%2Fwp%2Fv2%2Ftags&post=75016"}],"curies":[{"name":"wp","href":"https:\/\/api.w.org\/{rel}","templated":true}]}}