{"id":75030,"date":"2026-02-25T17:56:40","date_gmt":"2026-02-25T23:56:40","guid":{"rendered":"https:\/\/elconspirador.com.mx\/?p=75030"},"modified":"2026-02-25T17:56:40","modified_gmt":"2026-02-25T23:56:40","slug":"vecinos-de-san-francisquito-a-favor-de-obras-capitalinas","status":"publish","type":"post","link":"https:\/\/elconspirador.com.mx\/?p=75030","title":{"rendered":"VECINOS DE SAN FRANCISQUITO A FAVOR DE OBRAS CAPITALINAS"},"content":{"rendered":"<p>Vecinos de San Francisquito se manifestaron a favor de la ejecuci\u00f3n de obras al interior del barrio y que fueron rechazadas por la denominada confederaci\u00f3n ind\u00edgena.<\/p>\n<p>Indicaron que solicitaron, entre otras obras, la ejecuci\u00f3n de un arcotecho el las canchas de la calle 21 de Marzo.<\/p>\n<p>Rechazaron que dicha confederaci\u00f3n imponga condiciones a la autoridad para ejecutar acciones como la restituci\u00f3n de drenajes.<\/p>\n<p>Acusaron que detr\u00e1s de dicha confederaci\u00f3n ind\u00edgena hay intereses pol\u00edticos de MORENA.<\/p>\n<p>En rueda de prensa, algunos pidieron tambi\u00e9n la instalaci\u00f3n de topes para disminuir la velocidad y riesgos a los peatones.<\/p>\n","protected":false},"excerpt":{"rendered":"<p>Vecinos de San Francisquito se manifestaron a favor de la ejecuci\u00f3n de obras al interior del barrio y que fueron rechazadas por la denominada confederaci\u00f3n ind\u00edgena. Indicaron que solicitaron, entre otras obras, la ejecuci\u00f3n de un arcotecho el las canchas de la calle 21 de Marzo. Rechazaron que dicha confederaci\u00f3n imponga condiciones a la autoridad para ejecutar acciones como la<\/p>\n<div class=\"h10\"><\/div>\n<p><a class=\"more-link2 flat\" href=\"https:\/\/elconspirador.com.mx\/?p=75030\">Leer m\u00e1s<\/a><\/p>\n","protected":false},"author":1,"featured_media":75031,"comment_status":"open","ping_status":"open","sticky":false,"template":"","format":"standard","meta":{"om_disable_all_campaigns":false,"_uf_show_specific_survey":0,"_uf_disable_surveys":false},"categories":[1],"tags":[],"aioseo_notices":[],"_links":{"self":[{"href":"https:\/\/elconspirador.com.mx\/index.php?rest_route=\/wp\/v2\/posts\/75030"}],"collection":[{"href":"https:\/\/elconspirador.com.mx\/index.php?rest_route=\/wp\/v2\/posts"}],"about":[{"href":"https:\/\/elconspirador.com.mx\/index.php?rest_route=\/wp\/v2\/types\/post"}],"author":[{"embeddable":true,"href":"https:\/\/elconspirador.com.mx\/index.php?rest_route=\/wp\/v2\/users\/1"}],"replies":[{"embeddable":true,"href":"https:\/\/elconspirador.com.mx\/index.php?rest_route=%2Fwp%2Fv2%2Fcomments&post=75030"}],"version-history":[{"count":1,"href":"https:\/\/elconspirador.com.mx\/index.php?rest_route=\/wp\/v2\/posts\/75030\/revisions"}],"predecessor-version":[{"id":75032,"href":"https:\/\/elconspirador.com.mx\/index.php?rest_route=\/wp\/v2\/posts\/75030\/revisions\/75032"}],"wp:featuredmedia":[{"embeddable":true,"href":"https:\/\/elconspirador.com.mx\/index.php?rest_route=\/wp\/v2\/media\/75031"}],"wp:attachment":[{"href":"https:\/\/elconspirador.com.mx\/index.php?rest_route=%2Fwp%2Fv2%2Fmedia&parent=75030"}],"wp:term":[{"taxonomy":"category","embeddable":true,"href":"https:\/\/elconspirador.com.mx\/index.php?rest_route=%2Fwp%2Fv2%2Fcategories&post=75030"},{"taxonomy":"post_tag","embeddable":true,"href":"https:\/\/elconspirador.com.mx\/index.php?rest_route=%2Fwp%2Fv2%2Ftags&post=75030"}],"curies":[{"name":"wp","href":"https:\/\/api.w.org\/{rel}","templated":true}]}}