{"id":75036,"date":"2026-02-24T19:14:18","date_gmt":"2026-02-25T01:14:18","guid":{"rendered":"https:\/\/elconspirador.com.mx\/?p=75036"},"modified":"2026-02-24T19:14:18","modified_gmt":"2026-02-25T01:14:18","slug":"fiscalia-realiza-9-cateos-tras-detencion-del-mencho","status":"publish","type":"post","link":"https:\/\/elconspirador.com.mx\/?p=75036","title":{"rendered":"FISCAL\u00cdA REALIZA 9 CATEOS TRAS DETENCI\u00d3N DEL \u201cMENCHO\u201d"},"content":{"rendered":"<p>Tras la realizaci\u00f3n de nueve cateos en distintos puntos de la zona metropolitana, la Fiscal\u00eda General del Estado inform\u00f3 la detenci\u00f3n de seis personas presuntamente relacionadas con los disturbios registrados el pasado fin de semana en la capital queretana.<\/p>\n<p>El titular de la dependencia, V\u00edctor Antonio de Jes\u00fas Hern\u00e1ndez, detall\u00f3 que las diligencias se llevaron a cabo tanto el lunes como la madrugada de este martes, particularmente en la zona de Jurica, con el objetivo de recabar mayores elementos para la investigaci\u00f3n.<\/p>\n<p>\u201cLa finalidad es recabar indicios, datos de prueba y tambi\u00e9n personas que pudieran fungir como testigos y llevar a cabo detenciones. Nosotros tenemos ya personas detenidas relacionadas con los hechos; espec\u00edficamente, reportamos tener seis personas detenidas\u201d.<\/p>\n<p>El funcionario precis\u00f3 que de las seis personas detenidas, dos son menores de edad, y subray\u00f3 que a\u00fan se encuentran en proceso de integraci\u00f3n las carpetas de investigaci\u00f3n para determinar el grado de participaci\u00f3n de cada uno.<\/p>\n<p>\u201cEstaremos identificando el grado de participaci\u00f3n y responsabilidad que tienen en relaci\u00f3n con esto. Nosotros estaremos difundiendo la informaci\u00f3n correspondiente una vez que se tengan los resultados\u201d.<\/p>\n<p>Asimismo, aclar\u00f3 que todav\u00eda no se han fincado los delitos; sin embargo, adelant\u00f3 que deber\u00e1n responder por los da\u00f1os ocasionados en tiendas de conveniencia, donde al menos dos de los detenidos estar\u00edan presuntamente involucrados.<\/p>\n<p>\u201cDentro de las personas detenidas tenemos personas que se vinculan o se relacionan con los da\u00f1os ocasionados a una tienda de conveniencia\u201d.<\/p>\n<p>En cuanto a los veh\u00edculos incendiados en la caseta de Palmillas, explic\u00f3 que esas investigaciones corresponden a la Fiscal\u00eda General de la Rep\u00fablica, por tratarse de un \u00e1mbito federal.<\/p>\n","protected":false},"excerpt":{"rendered":"<p>Tras la realizaci\u00f3n de nueve cateos en distintos puntos de la zona metropolitana, la Fiscal\u00eda General del Estado inform\u00f3 la detenci\u00f3n de seis personas presuntamente relacionadas con los disturbios registrados el pasado fin de semana en la capital queretana. El titular de la dependencia, V\u00edctor Antonio de Jes\u00fas Hern\u00e1ndez, detall\u00f3 que las diligencias se llevaron a cabo tanto el lunes<\/p>\n<div class=\"h10\"><\/div>\n<p><a class=\"more-link2 flat\" href=\"https:\/\/elconspirador.com.mx\/?p=75036\">Leer m\u00e1s<\/a><\/p>\n","protected":false},"author":1,"featured_media":75037,"comment_status":"open","ping_status":"open","sticky":false,"template":"","format":"standard","meta":{"om_disable_all_campaigns":false,"_uf_show_specific_survey":0,"_uf_disable_surveys":false},"categories":[1],"tags":[],"aioseo_notices":[],"_links":{"self":[{"href":"https:\/\/elconspirador.com.mx\/index.php?rest_route=\/wp\/v2\/posts\/75036"}],"collection":[{"href":"https:\/\/elconspirador.com.mx\/index.php?rest_route=\/wp\/v2\/posts"}],"about":[{"href":"https:\/\/elconspirador.com.mx\/index.php?rest_route=\/wp\/v2\/types\/post"}],"author":[{"embeddable":true,"href":"https:\/\/elconspirador.com.mx\/index.php?rest_route=\/wp\/v2\/users\/1"}],"replies":[{"embeddable":true,"href":"https:\/\/elconspirador.com.mx\/index.php?rest_route=%2Fwp%2Fv2%2Fcomments&post=75036"}],"version-history":[{"count":1,"href":"https:\/\/elconspirador.com.mx\/index.php?rest_route=\/wp\/v2\/posts\/75036\/revisions"}],"predecessor-version":[{"id":75038,"href":"https:\/\/elconspirador.com.mx\/index.php?rest_route=\/wp\/v2\/posts\/75036\/revisions\/75038"}],"wp:featuredmedia":[{"embeddable":true,"href":"https:\/\/elconspirador.com.mx\/index.php?rest_route=\/wp\/v2\/media\/75037"}],"wp:attachment":[{"href":"https:\/\/elconspirador.com.mx\/index.php?rest_route=%2Fwp%2Fv2%2Fmedia&parent=75036"}],"wp:term":[{"taxonomy":"category","embeddable":true,"href":"https:\/\/elconspirador.com.mx\/index.php?rest_route=%2Fwp%2Fv2%2Fcategories&post=75036"},{"taxonomy":"post_tag","embeddable":true,"href":"https:\/\/elconspirador.com.mx\/index.php?rest_route=%2Fwp%2Fv2%2Ftags&post=75036"}],"curies":[{"name":"wp","href":"https:\/\/api.w.org\/{rel}","templated":true}]}}