{"id":75057,"date":"2026-02-24T16:13:29","date_gmt":"2026-02-24T22:13:29","guid":{"rendered":"https:\/\/elconspirador.com.mx\/?p=75057"},"modified":"2026-02-24T16:13:29","modified_gmt":"2026-02-24T22:13:29","slug":"chepe-guerrero-asume-la-presidencia-del-cabildo-metropolitano-de-queretaro","status":"publish","type":"post","link":"https:\/\/elconspirador.com.mx\/?p=75057","title":{"rendered":"CHEPE GUERRERO ASUME LA PRESIDENCIA DEL CABILDO METROPOLITANO DE QUER\u00c9TARO"},"content":{"rendered":"<p class=\"s5\"><span class=\"s4\">El alcalde de Corregidora, Chepe Guerrero, asumi\u00f3 por los pr\u00f3ximos seis meses la presidencia del Cabildo Metropolitano, con el prop\u00f3sito de fortalecer la coordinaci\u00f3n y atender de manera conjunta los retos que comparten Quer\u00e9taro, El Marqu\u00e9s, Huimilpan y Corregidora como zona metropolitana.<\/span><\/p>\n<p class=\"s5\"><span class=\"s4\">\u00a0<\/span><\/p>\n<p class=\"s5\"><span class=\"s4\">Durante este periodo, inform\u00f3 que promover\u00e1 cuatro proyectos estrat\u00e9gicos: el Protocolo Metropolitano para la Temporada de Lluvias, que contempla la homologaci\u00f3n de los Atlas de Riesgo, la identificaci\u00f3n de zonas vulnerables y el fortalecimiento de los sistemas de alerta y respuesta temprana; el Protocolo Metropolitano Permanente para la Atenci\u00f3n de Incendios, con apoyo intermunicipal inmediato y operativos conjuntos m\u00e1s eficaces; la creaci\u00f3n del Registro Metropolitano de Agresores de Animales, para fomentar municipios m\u00e1s responsables y comprometidos con el bienestar animal; y el fortalecimiento de la coordinaci\u00f3n permanente entre los tres \u00f3rdenes de gobierno para garantizar la seguridad.<\/span><\/p>\n<p class=\"s5\"><span class=\"s4\">\u00a0<\/span><\/p>\n<p class=\"s5\"><span class=\"s4\">Asimismo, se buscar\u00e1 la creaci\u00f3n del <\/span><span class=\"s4\">Registro Metropolitano de Agresores de Animales<\/span><span class=\"s4\"> para contar con municipios m\u00e1s humanos, m\u00e1s conscientes y m\u00e1s responsables, y, por \u00faltimo, continuar con una <\/span><span class=\"s4\">coordinaci\u00f3n permanente entre los <\/span><span class=\"s4\">tres<\/span><span class=\"s4\"> niveles de gobiern<\/span><span class=\"s4\">o para garantizar la seguridad.<\/span><\/p>\n<p class=\"s5\"><span class=\"s4\">\u00a0<\/span><\/p>\n<p class=\"s5\"><span class=\"s4\">\u201c<\/span><span class=\"s4\">Porque cuando trabajamos unidos nos convertimos en una sola regi\u00f3n, en una sola voluntad y en una sola fuerza al servicio de nuestra gente.<\/span><\/p>\n<p class=\"s5\"><span class=\"s4\">Hoy asumo esta presidencia con plena conciencia de lo que representa: la responsabilidad de fortalecer la coordinaci\u00f3n entre municipios, el compromiso de ejercer un liderazgo firme y cercano, y la obligaci\u00f3n de dar resultados que se traduzcan en mayor tranquilidad y bienestar para<\/span><span class=\"s4\"> nuestras familias\u201d, <\/span><span class=\"s4\">resalt\u00f3.<\/span><\/p>\n<p class=\"s5\"><span class=\"s4\">\u00a0<\/span><\/p>\n<p class=\"s5\"><span class=\"s4\">El presidente saliente del Cabildo Metropolitano y alcalde de El Marqu\u00e9s, Rodrigo Monsalvo, reconoci\u00f3 la voluntad de los ediles para realizar proyectos en materia de <\/span><span class=\"s4\">salud, medio ambiente, Protecci\u00f3n Civil, movilidad, participaci\u00f3n ciudadana, bienestar animal y recuperaci\u00f3n de espacios p\u00fablicos.<\/span><\/p>\n<p class=\"s5\"><span class=\"s4\">\u00a0<\/span><\/p>\n<p class=\"s5\"><span class=\"s4\">\u201cDesde que asumimos la presidencia de este Cabildo Metropolitano en agosto del a\u00f1o pasado, juntos hemos impulsado una agenda intermunicipal enfocada en resolver las necesidades de la gente, la voluntad de quienes lo integran, ha hecho posible una coordinaci\u00f3n muy activa\u201d. <\/span><\/p>\n<p class=\"s5\"><span class=\"s4\">\u00a0<\/span><\/p>\n<p class=\"s5\"><span class=\"s4\">Posteriormente, en su intervenci\u00f3n, el presidente municipal de Huimilpan, Jairo Morales, destac\u00f3 que existe la determinaci\u00f3n de consolidar a la zona metropolitana como un referente en atenci\u00f3n ciudadana.<\/span><\/p>\n<p class=\"s5\"><span class=\"s4\">\u00a0<\/span><\/p>\n<p class=\"s5\"><span class=\"s4\">\u201cEstamos decididos a posicionar nuestra zona metropolitana como un referente nacional de an\u00e1lisis, estrategia y atenci\u00f3n ciudadana. A trav\u00e9s de este Cabildo Metropolitano hemos pasado de las ideas a las acciones concretas\u201d, afirm\u00f3.<\/span><\/p>\n<p class=\"s5\"><span class=\"s4\">\u00a0<\/span><\/p>\n<p class=\"s5\"><span class=\"s4\">Por su parte, el alcalde de Quer\u00e9taro, <\/span><span class=\"s4\">Felifer<\/span><a name=\"_GoBack\"><\/a><span class=\"s4\"> Mac\u00edas, <\/span><span class=\"s4\">subray\u00f3 la importancia del trabajo coordinado entre los municipios y el Gobierno del Estado. Adem\u00e1s, reconoci\u00f3 que en el pasado se realizaron diversos intentos por construir un esquema de colaboraci\u00f3n metropolitana como este, sin lograr consolidarlo; sin embargo, hoy, gracias a la voluntad y disposici\u00f3n de las y los alcaldes, se concreta un esfuerzo conjunto que fortalece la seguridad, mejora la capacidad de respuesta institucional y genera mejores condiciones de orden y desarrollo en beneficio de las y los habitantes de la zona metropolitana. Como ha reiterado, si los problemas no conocen fronteras, los resultados tampoco deben conocerlas.<\/span><\/p>\n<p class=\"s5\"><span class=\"s4\">\u00a0<\/span><\/p>\n<p class=\"s5\"><span class=\"s4\">A la Sesi\u00f3n de Cabildo Metropolitano, celebrada desde el Centro de Atenci\u00f3n Municipal (CAM) El Pueblito, acudi\u00f3 en representaci\u00f3n del gobernador de Quer\u00e9taro, Mauricio Kuri, el secretario de Gobierno, Eric Gudi\u00f1o; tambi\u00e9n estuvieron presentes, el secretario estatal de Planeaci\u00f3n y Participaci\u00f3n Ciudadana, Antonio Rangel, as\u00ed como como miembros de los Gabinetes Municipales de los Ayuntamientos que lo integran.<\/span><\/p>\n","protected":false},"excerpt":{"rendered":"<p>El alcalde de Corregidora, Chepe Guerrero, asumi\u00f3 por los pr\u00f3ximos seis meses la presidencia del Cabildo Metropolitano, con el prop\u00f3sito de fortalecer la coordinaci\u00f3n y atender de manera conjunta los retos que comparten Quer\u00e9taro, El Marqu\u00e9s, Huimilpan y Corregidora como zona metropolitana. \u00a0 Durante este periodo, inform\u00f3 que promover\u00e1 cuatro proyectos estrat\u00e9gicos: el Protocolo Metropolitano para la Temporada de Lluvias,<\/p>\n<div class=\"h10\"><\/div>\n<p><a class=\"more-link2 flat\" href=\"https:\/\/elconspirador.com.mx\/?p=75057\">Leer m\u00e1s<\/a><\/p>\n","protected":false},"author":1,"featured_media":75058,"comment_status":"open","ping_status":"open","sticky":false,"template":"","format":"standard","meta":{"om_disable_all_campaigns":false,"_uf_show_specific_survey":0,"_uf_disable_surveys":false},"categories":[1],"tags":[],"aioseo_notices":[],"_links":{"self":[{"href":"https:\/\/elconspirador.com.mx\/index.php?rest_route=\/wp\/v2\/posts\/75057"}],"collection":[{"href":"https:\/\/elconspirador.com.mx\/index.php?rest_route=\/wp\/v2\/posts"}],"about":[{"href":"https:\/\/elconspirador.com.mx\/index.php?rest_route=\/wp\/v2\/types\/post"}],"author":[{"embeddable":true,"href":"https:\/\/elconspirador.com.mx\/index.php?rest_route=\/wp\/v2\/users\/1"}],"replies":[{"embeddable":true,"href":"https:\/\/elconspirador.com.mx\/index.php?rest_route=%2Fwp%2Fv2%2Fcomments&post=75057"}],"version-history":[{"count":1,"href":"https:\/\/elconspirador.com.mx\/index.php?rest_route=\/wp\/v2\/posts\/75057\/revisions"}],"predecessor-version":[{"id":75059,"href":"https:\/\/elconspirador.com.mx\/index.php?rest_route=\/wp\/v2\/posts\/75057\/revisions\/75059"}],"wp:featuredmedia":[{"embeddable":true,"href":"https:\/\/elconspirador.com.mx\/index.php?rest_route=\/wp\/v2\/media\/75058"}],"wp:attachment":[{"href":"https:\/\/elconspirador.com.mx\/index.php?rest_route=%2Fwp%2Fv2%2Fmedia&parent=75057"}],"wp:term":[{"taxonomy":"category","embeddable":true,"href":"https:\/\/elconspirador.com.mx\/index.php?rest_route=%2Fwp%2Fv2%2Fcategories&post=75057"},{"taxonomy":"post_tag","embeddable":true,"href":"https:\/\/elconspirador.com.mx\/index.php?rest_route=%2Fwp%2Fv2%2Ftags&post=75057"}],"curies":[{"name":"wp","href":"https:\/\/api.w.org\/{rel}","templated":true}]}}