{"id":75060,"date":"2026-02-24T16:19:14","date_gmt":"2026-02-24T22:19:14","guid":{"rendered":"https:\/\/elconspirador.com.mx\/?p=75060"},"modified":"2026-02-24T16:19:14","modified_gmt":"2026-02-24T22:19:14","slug":"kuri-encabeza-dia-de-la-bandera","status":"publish","type":"post","link":"https:\/\/elconspirador.com.mx\/?p=75060","title":{"rendered":"KURI ENCABEZA D\u00cdA DE LA BANDERA"},"content":{"rendered":"<p class=\"s6\">El gobernador, Mauricio Kuri Gonz\u00e1lez, presidi\u00f3 la ceremonia conmemorativa del CCV aniversario del D\u00eda de la Bandera, emblema que nos convoca a exaltar la identidad nacional, el respeto y el orgullo de ser mexicanos, en cuyo marco y mediante un enlace virtual con el acto c\u00edvicoencabezado por la presidenta de M\u00e9xico, Claudia Sheinbaum Pardo, tom\u00f3 protesta y abander\u00f3 a 23 escuelas de educaci\u00f3n b\u00e1sica, media superior y superior del estado.<\/p>\n<p class=\"s6\">\n<p class=\"s6\">Desde el Quer\u00e9taro Centro de Congresos, donde se rindieronhonores al L\u00e1baro Patrio, el mandatario estatal, en compa\u00f1\u00eda del Gral. de Bgda. de E. M., Jos\u00e9 Guillermo Lira Hern\u00e1ndez, comandante de la XVII Zona Militar y el Gral. de Bgda. de E.M., Alfredo Salgado Vargas, coordinador estatal de la Guardia Nacional, honr\u00f3 el legado de quienes forjaron la naci\u00f3n y a uno de los s\u00edmbolos considerado emblema de unidad, respeto y soberan\u00eda.<\/p>\n<p class=\"s6\">\n<p class=\"s6\">Al destacar que la Bandera de M\u00e9xico es un s\u00edmbolo que no solamente representa historia, sino un proyecto de naci\u00f3n, que se construye todos los d\u00edas desde las aulas, las escuelas y desde cada espacio donde la educaci\u00f3n abre oportunidades,la secretaria de Educaci\u00f3n, Martha Elena Soto Obreg\u00f3n,afirm\u00f3 que este acto de abanderamiento de escoltas es sobre todo, un acto de amor y de confianza en las y los estudiantes, en su compromiso, su vocaci\u00f3n c\u00edvica y en su capacidad para asumir responsabilidades que fortalecen la vida p\u00fablica del pa\u00eds.<\/p>\n<p class=\"s6\">\n<p class=\"s6\">En la ceremonia, exalt\u00f3 que educar tambi\u00e9n es una forma de ciudadan\u00eda: es ense\u00f1ar que la libertad, la justicia y la soberan\u00eda no son conceptos lejanos, sino valores que se viven en la comunidad todos los d\u00edas, que se practican en el respeto y que se construyen cuando decidimos que nadie se quede atr\u00e1s.<\/p>\n<p class=\"s6\">\n<p class=\"s6\">Al respecto, subray\u00f3 que en Quer\u00e9taro trabajan todos los d\u00edas juntos por la educaci\u00f3n, articulando esfuerzos entre los gobiernos, las instituciones educativas, el sector productivoy el sector civil, para que las y los estudiantes cuenten con las herramientas necesarias para participar activamente en el desarrollo del estado y el pa\u00eds.<\/p>\n<p class=\"s6\">\n<p class=\"s6\">\u201cHoy, al recibir esta bandera, insisto, es un motivo de gran orgullo. Cada escolta asume el compromiso de representar no solo a su escuela, sino a su generaci\u00f3n, que nuestras instituciones se forjan con valores, con identidad y con responsabilidad social. Sigamos avanzando con unidad de prop\u00f3sito, convencidos que desde la educaci\u00f3n y la educaci\u00f3n en Quer\u00e9taro, la seguimos llevando, como siempre, y como se observa a trav\u00e9s de ustedes, al siguiente nivel\u201d, enfatiz\u00f3.<\/p>\n<p class=\"s6\">\n<p class=\"s6\">Las y los estudiantes presenciaron, v\u00eda remota y de manera simult\u00e1nea, la toma de protesta a un total de 920 escoltas de escuelas primarias, secundarias y nivel medio superior de las 31 entidades federativas de la Naci\u00f3<a name=\"_GoBack\"><\/a>n, quienes con esta fecha asumen el compromiso de custodiar a nuestra ense\u00f1a nacional, amenizados por la Banda de Guerra del CBTIS Plantel 145 \u201cVenustiano Carranza\u201d, de San Juan del R\u00edo. En este tenor, la Banda de M\u00fasica del Estado interpret\u00f3 la pieza musical \u201cEnse\u00f1a Tricolor\u201d y se realiz\u00f3 el toque militar \u201cTres de Diana\u201d.<\/p>\n<p class=\"s6\">\n","protected":false},"excerpt":{"rendered":"<p>El gobernador, Mauricio Kuri Gonz\u00e1lez, presidi\u00f3 la ceremonia conmemorativa del CCV aniversario del D\u00eda de la Bandera, emblema que nos convoca a exaltar la identidad nacional, el respeto y el orgullo de ser mexicanos, en cuyo marco y mediante un enlace virtual con el acto c\u00edvicoencabezado por la presidenta de M\u00e9xico, Claudia Sheinbaum Pardo, tom\u00f3 protesta y abander\u00f3 a 23<\/p>\n<div class=\"h10\"><\/div>\n<p><a class=\"more-link2 flat\" href=\"https:\/\/elconspirador.com.mx\/?p=75060\">Leer m\u00e1s<\/a><\/p>\n","protected":false},"author":1,"featured_media":0,"comment_status":"open","ping_status":"open","sticky":false,"template":"","format":"standard","meta":{"om_disable_all_campaigns":false,"_uf_show_specific_survey":0,"_uf_disable_surveys":false},"categories":[1],"tags":[],"aioseo_notices":[],"_links":{"self":[{"href":"https:\/\/elconspirador.com.mx\/index.php?rest_route=\/wp\/v2\/posts\/75060"}],"collection":[{"href":"https:\/\/elconspirador.com.mx\/index.php?rest_route=\/wp\/v2\/posts"}],"about":[{"href":"https:\/\/elconspirador.com.mx\/index.php?rest_route=\/wp\/v2\/types\/post"}],"author":[{"embeddable":true,"href":"https:\/\/elconspirador.com.mx\/index.php?rest_route=\/wp\/v2\/users\/1"}],"replies":[{"embeddable":true,"href":"https:\/\/elconspirador.com.mx\/index.php?rest_route=%2Fwp%2Fv2%2Fcomments&post=75060"}],"version-history":[{"count":1,"href":"https:\/\/elconspirador.com.mx\/index.php?rest_route=\/wp\/v2\/posts\/75060\/revisions"}],"predecessor-version":[{"id":75062,"href":"https:\/\/elconspirador.com.mx\/index.php?rest_route=\/wp\/v2\/posts\/75060\/revisions\/75062"}],"wp:attachment":[{"href":"https:\/\/elconspirador.com.mx\/index.php?rest_route=%2Fwp%2Fv2%2Fmedia&parent=75060"}],"wp:term":[{"taxonomy":"category","embeddable":true,"href":"https:\/\/elconspirador.com.mx\/index.php?rest_route=%2Fwp%2Fv2%2Fcategories&post=75060"},{"taxonomy":"post_tag","embeddable":true,"href":"https:\/\/elconspirador.com.mx\/index.php?rest_route=%2Fwp%2Fv2%2Ftags&post=75060"}],"curies":[{"name":"wp","href":"https:\/\/api.w.org\/{rel}","templated":true}]}}