{"id":75076,"date":"2026-02-25T21:15:43","date_gmt":"2026-02-26T03:15:43","guid":{"rendered":"https:\/\/elconspirador.com.mx\/?p=75076"},"modified":"2026-02-25T21:15:43","modified_gmt":"2026-02-26T03:15:43","slug":"el-marques-impulsa-la-cultura","status":"publish","type":"post","link":"https:\/\/elconspirador.com.mx\/?p=75076","title":{"rendered":"EL MARQU\u00c9S IMPULSA LA CULTURA"},"content":{"rendered":"<p>&nbsp;<\/p>\n<p>El presidente municipal de El Marqu\u00e9s, Rodrigo Monsalvo Castel\u00e1n, encabez\u00f3 el inicio del programa Vamos al Museo, iniciativa impulsada por el Instituto del Deporte y Cultura (INDECU) para fomentar el acceso equitativo al arte y fortalecer el tejido social del municipio. El arranque se realiz\u00f3 en el Museo de Arte de Quer\u00e9taro, donde el alcalde estuvo acompa\u00f1ado por el director del recinto, Antonio Arellano Barquet, as\u00ed como por su esposa, Ana Mar\u00eda Camacho Arce.<\/p>\n<p>Del 24 al 27 de febrero, esta jornada cultural contempla visitas guiadas al Museo de Arte de Quer\u00e9taro y al Museo de la Ciudad, beneficiando a m\u00e1s de 450 ni\u00f1as, ni\u00f1os, j\u00f3venes y adultos mayores de distintas comunidades de El Marqu\u00e9s, priorizando a quienes tienen acceso limitado a espacios culturales. A trav\u00e9s de esta estrategia, el gobierno municipal busca fomentar la identidad, el sentido de pertenencia y la formaci\u00f3n cultural de las y los participantes mediante actividades recreativas y educativas que contribuyan a su desarrollo integral.<\/p>\n<p>Durante su mensaje, el alcalde Rodrigo Monsalvo Castel\u00e1n subray\u00f3 el impacto formativo de este tipo de experiencias en el desarrollo personal y comunitario. Asimismo destac\u00f3 que su administraci\u00f3n tiene como meta asegurar el acceso a la creaci\u00f3n art\u00edstica y a los espacios culturales para personas de todas las edades y condiciones sociales, especialmente para quienes han tenido menos oportunidades de participar en la vida cultural, convencido de que el arte y la cultura son herramientas fundamentales para fortalecer la identidad, promover la inclusi\u00f3n y generar entornos de convivencia m\u00e1s solidarios.<\/p>\n<p>\u201cA partir de hoy y hasta el pr\u00f3ximo viernes, mediante nuestra iniciativa \u2018Vamos al Museo\u2019, m\u00e1s de 450 ni\u00f1as, ni\u00f1os, j\u00f3venes y adultos mayores de las comunidades marquesinas disfrutar\u00e1n de visitas guiadas tanto a este espacio, como al Museo de la Ciudad. \u00a1Es una experiencia que vale much\u00edsimo la pena! Que los acercar\u00e1 al arte y la cultura. Que mantendr\u00e1 despierta su capacidad de asombro. Y que los motivar\u00e1 a seguir aprendiendo, sin importar su edad.\u201d<\/p>\n<p>Durante el recorrido se incorpor\u00f3 la secretaria de Cultura del Estado, Ana Paola L\u00f3pez Birlain, quien reconoci\u00f3 la importancia de generar pol\u00edticas p\u00fablicas que acerquen el arte y la cultura a todos los sectores de la poblaci\u00f3n.<\/p>\n<p>Cabe se\u00f1alar que la actividad es totalmente gratuita e incluye traslado redondo desde las comunidades de origen, garantizando condiciones de accesibilidad, inclusi\u00f3n y equidad para todas y todos los beneficiarios.<\/p>\n<p>Al evento tambi\u00e9n asistieron el director del INDECU, Ricardo Mart\u00ednez Coronel; la regidora del municipio de El Marqu\u00e9s, Judith Elizabeth S\u00e1nchez Luna; la coordinadora del Gabinete, Claudia Mart\u00ednez Guevara; la jefa de la Presidencia, Violeta Hern\u00e1ndez; y la secretaria particular, Paula Rodr\u00edguez Anaya, quienes acompa\u00f1aron esta jornada orientada a ampliar el acceso cultural de la poblaci\u00f3n marquesina.<\/p>\n","protected":false},"excerpt":{"rendered":"<p>&nbsp; El presidente municipal de El Marqu\u00e9s, Rodrigo Monsalvo Castel\u00e1n, encabez\u00f3 el inicio del programa Vamos al Museo, iniciativa impulsada por el Instituto del Deporte y Cultura (INDECU) para fomentar el acceso equitativo al arte y fortalecer el tejido social del municipio. El arranque se realiz\u00f3 en el Museo de Arte de Quer\u00e9taro, donde el alcalde estuvo acompa\u00f1ado por el<\/p>\n<div class=\"h10\"><\/div>\n<p><a class=\"more-link2 flat\" href=\"https:\/\/elconspirador.com.mx\/?p=75076\">Leer m\u00e1s<\/a><\/p>\n","protected":false},"author":1,"featured_media":75077,"comment_status":"open","ping_status":"open","sticky":false,"template":"","format":"standard","meta":{"om_disable_all_campaigns":false,"_uf_show_specific_survey":0,"_uf_disable_surveys":false},"categories":[1],"tags":[],"aioseo_notices":[],"_links":{"self":[{"href":"https:\/\/elconspirador.com.mx\/index.php?rest_route=\/wp\/v2\/posts\/75076"}],"collection":[{"href":"https:\/\/elconspirador.com.mx\/index.php?rest_route=\/wp\/v2\/posts"}],"about":[{"href":"https:\/\/elconspirador.com.mx\/index.php?rest_route=\/wp\/v2\/types\/post"}],"author":[{"embeddable":true,"href":"https:\/\/elconspirador.com.mx\/index.php?rest_route=\/wp\/v2\/users\/1"}],"replies":[{"embeddable":true,"href":"https:\/\/elconspirador.com.mx\/index.php?rest_route=%2Fwp%2Fv2%2Fcomments&post=75076"}],"version-history":[{"count":1,"href":"https:\/\/elconspirador.com.mx\/index.php?rest_route=\/wp\/v2\/posts\/75076\/revisions"}],"predecessor-version":[{"id":75078,"href":"https:\/\/elconspirador.com.mx\/index.php?rest_route=\/wp\/v2\/posts\/75076\/revisions\/75078"}],"wp:featuredmedia":[{"embeddable":true,"href":"https:\/\/elconspirador.com.mx\/index.php?rest_route=\/wp\/v2\/media\/75077"}],"wp:attachment":[{"href":"https:\/\/elconspirador.com.mx\/index.php?rest_route=%2Fwp%2Fv2%2Fmedia&parent=75076"}],"wp:term":[{"taxonomy":"category","embeddable":true,"href":"https:\/\/elconspirador.com.mx\/index.php?rest_route=%2Fwp%2Fv2%2Fcategories&post=75076"},{"taxonomy":"post_tag","embeddable":true,"href":"https:\/\/elconspirador.com.mx\/index.php?rest_route=%2Fwp%2Fv2%2Ftags&post=75076"}],"curies":[{"name":"wp","href":"https:\/\/api.w.org\/{rel}","templated":true}]}}