{"id":75082,"date":"2026-02-25T13:52:20","date_gmt":"2026-02-25T19:52:20","guid":{"rendered":"https:\/\/elconspirador.com.mx\/?p=75082"},"modified":"2026-02-25T13:52:20","modified_gmt":"2026-02-25T19:52:20","slug":"a-proceso-dos-menores-de-edad-por-violencia-tras-detencion-del-mencho","status":"publish","type":"post","link":"https:\/\/elconspirador.com.mx\/?p=75082","title":{"rendered":"A PROCESO DOS MENORES DE EDAD POR VIOLENCIA TRAS DETENCI\u00d3N DEL \u201cMENCHO\u201d"},"content":{"rendered":"<p>La Fiscal\u00eda General del Estado de Quer\u00e9taro, a trav\u00e9s de Fiscales Especializados en Justicia para Adolescentes, obtuvo la vinculaci\u00f3n a proceso de dos adolescentes por los delitos de homicidio en grado de tentativa y violaci\u00f3n a la Ley Federal de Armas de Fuego y Explosivos.<\/p>\n<p>En el marco de Sinergia por Quer\u00e9taro, el pasado domingo 22 y lunes 23 de febrero se realizaban operativos de seguridad implementados para preservar el orden y prevenir la comisi\u00f3n de hechos delictivos en la entidad; dichos operativos contaron con la participaci\u00f3n de esta Fiscal\u00eda y la Polic\u00eda de Investigaci\u00f3n del Delito en coordinaci\u00f3n con Polic\u00eda estatal y Corporaciones municipales de Quer\u00e9taro y Corregidora.<\/p>\n<p>De acuerdo con la carpeta de investigaci\u00f3n, durante los operativos del 22 de febrero de 2026, elementos policiales detectaron sobre la Carretera Federal 45 libre a Celaya, a la altura de El Pueblito, municipio de Corregidora, una camioneta que circulaba a exceso de velocidad, sin luces traseras y con alteraciones visibles en la placa de circulaci\u00f3n.<\/p>\n<p>Al marcarle el alto, los tripulantes \u2014ambos adolescentes\u2014 hicieron caso omiso, inici\u00e1ndose una persecuci\u00f3n. Durante la huida, los imputados portaban armas de fuego, las cuales utilizaron para apuntar y realizar detonaciones contra una unidad oficial de la Polic\u00eda Estatal. Asimismo, impactaron la patrulla por la parte trasera e intentaron colisionarla de frente, poniendo en riesgo la integridad de los elementos policiales.<\/p>\n<p>Ante la agresi\u00f3n directa, los elementos actuaron conforme a los protocolos de uso racional de la fuerza, accionando sus armas de cargo hacia los neum\u00e1ticos del veh\u00edculo, lo que permiti\u00f3 su detenci\u00f3n sobre la misma vialidad, en direcci\u00f3n a Santa B\u00e1rbara, Corregidora. En el lugar fueron asegurados los adolescentes, el veh\u00edculo y las armas de fuego.<\/p>\n<p>La detenci\u00f3n fue ejecutada por la Polic\u00eda Estatal, en Sinergia con esta Fiscal\u00eda.<\/p>\n<p>En audiencia inicial, y con base en los datos de prueba presentados por esta Fiscal\u00eda, una persona Juzgadora Especializada en Justicia para Adolescentes determin\u00f3 vincularlos a proceso por los delitos referidos, imponiendo como medida cautelar el internamiento preventivo y estableciendo un plazo de dos meses para el cierre de la investigaci\u00f3n complementaria.<\/p>\n","protected":false},"excerpt":{"rendered":"<p>La Fiscal\u00eda General del Estado de Quer\u00e9taro, a trav\u00e9s de Fiscales Especializados en Justicia para Adolescentes, obtuvo la vinculaci\u00f3n a proceso de dos adolescentes por los delitos de homicidio en grado de tentativa y violaci\u00f3n a la Ley Federal de Armas de Fuego y Explosivos. En el marco de Sinergia por Quer\u00e9taro, el pasado domingo 22 y lunes 23 de<\/p>\n<div class=\"h10\"><\/div>\n<p><a class=\"more-link2 flat\" href=\"https:\/\/elconspirador.com.mx\/?p=75082\">Leer m\u00e1s<\/a><\/p>\n","protected":false},"author":1,"featured_media":75083,"comment_status":"open","ping_status":"open","sticky":false,"template":"","format":"standard","meta":{"om_disable_all_campaigns":false,"_uf_show_specific_survey":0,"_uf_disable_surveys":false},"categories":[1],"tags":[],"aioseo_notices":[],"_links":{"self":[{"href":"https:\/\/elconspirador.com.mx\/index.php?rest_route=\/wp\/v2\/posts\/75082"}],"collection":[{"href":"https:\/\/elconspirador.com.mx\/index.php?rest_route=\/wp\/v2\/posts"}],"about":[{"href":"https:\/\/elconspirador.com.mx\/index.php?rest_route=\/wp\/v2\/types\/post"}],"author":[{"embeddable":true,"href":"https:\/\/elconspirador.com.mx\/index.php?rest_route=\/wp\/v2\/users\/1"}],"replies":[{"embeddable":true,"href":"https:\/\/elconspirador.com.mx\/index.php?rest_route=%2Fwp%2Fv2%2Fcomments&post=75082"}],"version-history":[{"count":1,"href":"https:\/\/elconspirador.com.mx\/index.php?rest_route=\/wp\/v2\/posts\/75082\/revisions"}],"predecessor-version":[{"id":75084,"href":"https:\/\/elconspirador.com.mx\/index.php?rest_route=\/wp\/v2\/posts\/75082\/revisions\/75084"}],"wp:featuredmedia":[{"embeddable":true,"href":"https:\/\/elconspirador.com.mx\/index.php?rest_route=\/wp\/v2\/media\/75083"}],"wp:attachment":[{"href":"https:\/\/elconspirador.com.mx\/index.php?rest_route=%2Fwp%2Fv2%2Fmedia&parent=75082"}],"wp:term":[{"taxonomy":"category","embeddable":true,"href":"https:\/\/elconspirador.com.mx\/index.php?rest_route=%2Fwp%2Fv2%2Fcategories&post=75082"},{"taxonomy":"post_tag","embeddable":true,"href":"https:\/\/elconspirador.com.mx\/index.php?rest_route=%2Fwp%2Fv2%2Ftags&post=75082"}],"curies":[{"name":"wp","href":"https:\/\/api.w.org\/{rel}","templated":true}]}}