{"id":75103,"date":"2026-02-25T14:10:19","date_gmt":"2026-02-25T20:10:19","guid":{"rendered":"https:\/\/elconspirador.com.mx\/?p=75103"},"modified":"2026-02-25T14:10:19","modified_gmt":"2026-02-25T20:10:19","slug":"catem-llama-al-dialogo-social","status":"publish","type":"post","link":"https:\/\/elconspirador.com.mx\/?p=75103","title":{"rendered":"CATEM LLAMA AL DI\u00c1LOGO SOCIAL"},"content":{"rendered":"<p>El secretario general de la Confederaci\u00f3n Aut\u00f3noma de Trabajadores y Empleados de M\u00e9xico en Quer\u00e9taro, CATEM, Erik Osornio Medina reconoci\u00f3 la aprobaci\u00f3n en la C\u00e1mara de Diputados de la reducci\u00f3n de 40 horas a la jornada laboral.<\/p>\n<p>Con 469 votos a favor, por mayor\u00eda calificada, en lo general y en lo particular, el proyecto de decreto que reforma y adiciona las fracciones IV y XI del apartado A del art\u00edculo 123 de la Constituci\u00f3n Pol\u00edtica, para reducir la jornada laboral de 48 a 40 horas semanales.<\/p>\n<p>&#8220;En CATEM estamos contentos por la aprobaci\u00f3n de la jornada de 40 horas ayer en la C\u00e1mara de Diputados y hacemos un llamado a las empresas, a los gobiernos, a los sindicatos para que prioricemos el di\u00e1logo social, una vez que est\u00e1 plasmada en la ley las 40 horas y que ser\u00e1 de manera gradual, tendremos que ir priorizando el di\u00e1logo social con los empleadores, con los trabajadores para encontrar las formas de ajustar los horarios y que no baje la la productividad, que el trabajador tenga sus tiempos de descanso y todo eso ser\u00e1 con el di\u00e1logo social porque cada empresa es diferente, tendremos que ir trabajando de la mano de las empresas para irnos ajustando seg\u00fan sus condiciones de productividad&#8221;.<\/p>\n<p>Osornio Medina destac\u00f3 la aprobaci\u00f3n de la mayor\u00eda legislativa en San L\u00e1zaro, por lo que tendr\u00e1 que haber di\u00e1logo entre los trabajadores y las empresas.<br \/>\n&#8220;Hacemos un llamado permanente al di\u00e1logo social para la implementaci\u00f3n de la jornada de 40 horas en Quer\u00e9taro&#8221;.<\/p>\n<p>Explic\u00f3 que en el r\u00e9gimen transitorio se indica que la duraci\u00f3n de la jornada laboral a que se refiere el art\u00edculo 123, apartado A, fracci\u00f3n IV, 40 horas de la semana laboral, se alcanzar\u00e1 de manera gradual, a partir del 1 de enero del a\u00f1o correspondiente, conforme a: en 2026, la jornada sea de 48 horas; en 2027 de 46, en 2028 44; en 2028 42 y para 2030 se alcanzar\u00e1n las 40 horas.<\/p>\n","protected":false},"excerpt":{"rendered":"<p>El secretario general de la Confederaci\u00f3n Aut\u00f3noma de Trabajadores y Empleados de M\u00e9xico en Quer\u00e9taro, CATEM, Erik Osornio Medina reconoci\u00f3 la aprobaci\u00f3n en la C\u00e1mara de Diputados de la reducci\u00f3n de 40 horas a la jornada laboral. Con 469 votos a favor, por mayor\u00eda calificada, en lo general y en lo particular, el proyecto de decreto que reforma y adiciona<\/p>\n<div class=\"h10\"><\/div>\n<p><a class=\"more-link2 flat\" href=\"https:\/\/elconspirador.com.mx\/?p=75103\">Leer m\u00e1s<\/a><\/p>\n","protected":false},"author":1,"featured_media":75104,"comment_status":"open","ping_status":"open","sticky":false,"template":"","format":"standard","meta":{"om_disable_all_campaigns":false,"_uf_show_specific_survey":0,"_uf_disable_surveys":false},"categories":[1],"tags":[],"aioseo_notices":[],"_links":{"self":[{"href":"https:\/\/elconspirador.com.mx\/index.php?rest_route=\/wp\/v2\/posts\/75103"}],"collection":[{"href":"https:\/\/elconspirador.com.mx\/index.php?rest_route=\/wp\/v2\/posts"}],"about":[{"href":"https:\/\/elconspirador.com.mx\/index.php?rest_route=\/wp\/v2\/types\/post"}],"author":[{"embeddable":true,"href":"https:\/\/elconspirador.com.mx\/index.php?rest_route=\/wp\/v2\/users\/1"}],"replies":[{"embeddable":true,"href":"https:\/\/elconspirador.com.mx\/index.php?rest_route=%2Fwp%2Fv2%2Fcomments&post=75103"}],"version-history":[{"count":1,"href":"https:\/\/elconspirador.com.mx\/index.php?rest_route=\/wp\/v2\/posts\/75103\/revisions"}],"predecessor-version":[{"id":75105,"href":"https:\/\/elconspirador.com.mx\/index.php?rest_route=\/wp\/v2\/posts\/75103\/revisions\/75105"}],"wp:featuredmedia":[{"embeddable":true,"href":"https:\/\/elconspirador.com.mx\/index.php?rest_route=\/wp\/v2\/media\/75104"}],"wp:attachment":[{"href":"https:\/\/elconspirador.com.mx\/index.php?rest_route=%2Fwp%2Fv2%2Fmedia&parent=75103"}],"wp:term":[{"taxonomy":"category","embeddable":true,"href":"https:\/\/elconspirador.com.mx\/index.php?rest_route=%2Fwp%2Fv2%2Fcategories&post=75103"},{"taxonomy":"post_tag","embeddable":true,"href":"https:\/\/elconspirador.com.mx\/index.php?rest_route=%2Fwp%2Fv2%2Ftags&post=75103"}],"curies":[{"name":"wp","href":"https:\/\/api.w.org\/{rel}","templated":true}]}}