{"id":75135,"date":"2026-02-25T17:41:32","date_gmt":"2026-02-25T23:41:32","guid":{"rendered":"https:\/\/elconspirador.com.mx\/?p=75135"},"modified":"2026-02-25T17:41:32","modified_gmt":"2026-02-25T23:41:32","slug":"lista-la-segunda-carrera-yo-corro-por-la-familia","status":"publish","type":"post","link":"https:\/\/elconspirador.com.mx\/?p=75135","title":{"rendered":"LISTA LA SEGUNDA CARRERA \u201cYO CORRO POR LA FAMILIA\u201d"},"content":{"rendered":"<p>Con rutas y actividades definidas, as\u00ed como operativos listos, este s\u00e1bado 28 de febrero el municipio de El Marqu\u00e9s, mediante el Instituto Municipal para la Prevenci\u00f3n y Atenci\u00f3n de Conductas de Riesgo, Centro Vive, realizar\u00e1 en La Ca\u00f1ada la 2.\u00aa Carrera Yo Corro por la Familia, evento que incluir\u00e1 diversas actividades orientadas a fortalecer la activaci\u00f3n f\u00edsica y la convivencia familiar.<\/p>\n<p>Las actividades iniciar\u00e1n a las 15:00 horas con juegos inflables y din\u00e1micas tradicionales; a las 18:20 se presentar\u00e1 Tonah \u201cHombre Orquesta\u201d; a las 19:00 horas se dar\u00e1 el banderazo de salida de las carreras nocturnas; posteriormente, a las 19:30, habr\u00e1 funci\u00f3n de lucha libre profesional; mientras que a las 20:30 se efectuar\u00e1 la premiaci\u00f3n de la carrera, y a las 21:00 horas, se llevar\u00e1 a cabo la presentaci\u00f3n musical de Son Rompe Pera.<\/p>\n<p>Cabe destacar que el programa de la carrera fue dise\u00f1ado para que todos los integrantes de las familias puedan disfrutar de las actividades previstas durante la jornada.<\/p>\n<p>La carrera nocturna contar\u00e1 con la participaci\u00f3n de alrededor de tres mil corredores registrados, quienes recorrer\u00e1n distancias de 5 y 10 kil\u00f3metros a lo largo de la cabecera municipal de El Marqu\u00e9s. Asimismo, la ciudadan\u00eda que no cuente con registro previo podr\u00e1 sumarse en modalidad recreativa.<\/p>\n<p>En este sentido, se dise\u00f1\u00f3 una ruta que comenzar\u00e1 a la altura de la Plaza San Pedro y pasar\u00e1 por la avenida Emiliano Zapata hasta la calle Del Marqu\u00e9s, para posteriormente incorporarse a Ricardo Avenda\u00f1o y seguir por avenida del Ferrocarril, tomar Camino al Socav\u00f3n y regresar al punto de partida.<\/p>\n<p>Para garantizar la operatividad y seguridad de las familias asistentes, adem\u00e1s de mantener el orden, la coordinadora de Gabinete Municipal, Claudia Mart\u00ednez Guevara, sostuvo una reuni\u00f3n con los titulares y personal de dependencias como el Centro Vive, Servicios P\u00fablicos, Seguridad P\u00fablica, Movilidad, Protecci\u00f3n Civil, Obras P\u00fablicas, Inspecci\u00f3n y la Secretar\u00eda de Gobierno.<\/p>\n<p>De esta manera, el municipio de El Marqu\u00e9s reafirma su compromiso con la promoci\u00f3n del deporte y el fortalecimiento del tejido social, mediante un evento que no solo impulsa la activaci\u00f3n f\u00edsica, sino que consolida espacios de convivencia segura para las familias marquesinas.<\/p>\n","protected":false},"excerpt":{"rendered":"<p>Con rutas y actividades definidas, as\u00ed como operativos listos, este s\u00e1bado 28 de febrero el municipio de El Marqu\u00e9s, mediante el Instituto Municipal para la Prevenci\u00f3n y Atenci\u00f3n de Conductas de Riesgo, Centro Vive, realizar\u00e1 en La Ca\u00f1ada la 2.\u00aa Carrera Yo Corro por la Familia, evento que incluir\u00e1 diversas actividades orientadas a fortalecer la activaci\u00f3n f\u00edsica y la convivencia<\/p>\n<div class=\"h10\"><\/div>\n<p><a class=\"more-link2 flat\" href=\"https:\/\/elconspirador.com.mx\/?p=75135\">Leer m\u00e1s<\/a><\/p>\n","protected":false},"author":1,"featured_media":75136,"comment_status":"open","ping_status":"open","sticky":false,"template":"","format":"standard","meta":{"om_disable_all_campaigns":false,"_uf_show_specific_survey":0,"_uf_disable_surveys":false},"categories":[1],"tags":[],"aioseo_notices":[],"_links":{"self":[{"href":"https:\/\/elconspirador.com.mx\/index.php?rest_route=\/wp\/v2\/posts\/75135"}],"collection":[{"href":"https:\/\/elconspirador.com.mx\/index.php?rest_route=\/wp\/v2\/posts"}],"about":[{"href":"https:\/\/elconspirador.com.mx\/index.php?rest_route=\/wp\/v2\/types\/post"}],"author":[{"embeddable":true,"href":"https:\/\/elconspirador.com.mx\/index.php?rest_route=\/wp\/v2\/users\/1"}],"replies":[{"embeddable":true,"href":"https:\/\/elconspirador.com.mx\/index.php?rest_route=%2Fwp%2Fv2%2Fcomments&post=75135"}],"version-history":[{"count":1,"href":"https:\/\/elconspirador.com.mx\/index.php?rest_route=\/wp\/v2\/posts\/75135\/revisions"}],"predecessor-version":[{"id":75137,"href":"https:\/\/elconspirador.com.mx\/index.php?rest_route=\/wp\/v2\/posts\/75135\/revisions\/75137"}],"wp:featuredmedia":[{"embeddable":true,"href":"https:\/\/elconspirador.com.mx\/index.php?rest_route=\/wp\/v2\/media\/75136"}],"wp:attachment":[{"href":"https:\/\/elconspirador.com.mx\/index.php?rest_route=%2Fwp%2Fv2%2Fmedia&parent=75135"}],"wp:term":[{"taxonomy":"category","embeddable":true,"href":"https:\/\/elconspirador.com.mx\/index.php?rest_route=%2Fwp%2Fv2%2Fcategories&post=75135"},{"taxonomy":"post_tag","embeddable":true,"href":"https:\/\/elconspirador.com.mx\/index.php?rest_route=%2Fwp%2Fv2%2Ftags&post=75135"}],"curies":[{"name":"wp","href":"https:\/\/api.w.org\/{rel}","templated":true}]}}