{"id":75145,"date":"2026-03-02T10:01:35","date_gmt":"2026-03-02T16:01:35","guid":{"rendered":"https:\/\/elconspirador.com.mx\/?p=75145"},"modified":"2026-03-02T10:01:35","modified_gmt":"2026-03-02T16:01:35","slug":"queretaro-registro-ocupacion-hotelera-del-64-3","status":"publish","type":"post","link":"https:\/\/elconspirador.com.mx\/?p=75145","title":{"rendered":"QUER\u00c9TARO REGISTR\u00d3 OCUPACI\u00d3N HOTELERA DEL 64.3%"},"content":{"rendered":"<p>La secretaria de Turismo del Gobierno de M\u00e9xico, Josefina Rodr\u00edguez Zamora, inform\u00f3 que Quer\u00e9taro registr\u00f3 una ocupaci\u00f3n hotelera del 64.3 por ciento en la \u00faltima semana, coloc\u00e1ndose entre los estados con mayor dinamismo en este indicador.<\/p>\n<p>Durante la conferencia matutina, la funcionaria federal destac\u00f3 que, a partir del 20 de enero, la entidad se ubic\u00f3 por encima de destinos tur\u00edsticos de playa como Mazatl\u00e1n, Colima y Manzanillo, reflejando un crecimiento sostenido en la actividad tur\u00edstica.<\/p>\n<p>Asimismo, subray\u00f3 que el comportamiento del turismo en el pa\u00eds ha sido positivo en comparaci\u00f3n con el a\u00f1o anterior.<\/p>\n<p>\u201cM\u00e9xico refleja el crecimiento por arriba del continente americano y tambi\u00e9n por arriba de lo que creci\u00f3 el turismo en el mundo\u201d.<\/p>\n<p>Detall\u00f3 que en 2025 el turismo en M\u00e9xico creci\u00f3 6 por ciento en comparaci\u00f3n con 2024. En cuanto al turismo interno, explic\u00f3 que el a\u00f1o pasado se registr\u00f3 un incremento del 3.3 por ciento en vuelos nacionales, alcanzando 64 millones de pasajeros.<\/p>\n<p>Respecto a los viajeros internacionales, se\u00f1al\u00f3 que se contabilizaron 58 millones de pasajeros, lo que represent\u00f3 un crecimiento del 1.5 por ciento, consolidando as\u00ed la recuperaci\u00f3n y expansi\u00f3n del sector tur\u00edstico en el pa\u00eds.<\/p>\n","protected":false},"excerpt":{"rendered":"<p>La secretaria de Turismo del Gobierno de M\u00e9xico, Josefina Rodr\u00edguez Zamora, inform\u00f3 que Quer\u00e9taro registr\u00f3 una ocupaci\u00f3n hotelera del 64.3 por ciento en la \u00faltima semana, coloc\u00e1ndose entre los estados con mayor dinamismo en este indicador. Durante la conferencia matutina, la funcionaria federal destac\u00f3 que, a partir del 20 de enero, la entidad se ubic\u00f3 por encima de destinos tur\u00edsticos<\/p>\n<div class=\"h10\"><\/div>\n<p><a class=\"more-link2 flat\" href=\"https:\/\/elconspirador.com.mx\/?p=75145\">Leer m\u00e1s<\/a><\/p>\n","protected":false},"author":1,"featured_media":75146,"comment_status":"open","ping_status":"open","sticky":false,"template":"","format":"standard","meta":{"om_disable_all_campaigns":false,"_uf_show_specific_survey":0,"_uf_disable_surveys":false},"categories":[1],"tags":[],"aioseo_notices":[],"_links":{"self":[{"href":"https:\/\/elconspirador.com.mx\/index.php?rest_route=\/wp\/v2\/posts\/75145"}],"collection":[{"href":"https:\/\/elconspirador.com.mx\/index.php?rest_route=\/wp\/v2\/posts"}],"about":[{"href":"https:\/\/elconspirador.com.mx\/index.php?rest_route=\/wp\/v2\/types\/post"}],"author":[{"embeddable":true,"href":"https:\/\/elconspirador.com.mx\/index.php?rest_route=\/wp\/v2\/users\/1"}],"replies":[{"embeddable":true,"href":"https:\/\/elconspirador.com.mx\/index.php?rest_route=%2Fwp%2Fv2%2Fcomments&post=75145"}],"version-history":[{"count":1,"href":"https:\/\/elconspirador.com.mx\/index.php?rest_route=\/wp\/v2\/posts\/75145\/revisions"}],"predecessor-version":[{"id":75147,"href":"https:\/\/elconspirador.com.mx\/index.php?rest_route=\/wp\/v2\/posts\/75145\/revisions\/75147"}],"wp:featuredmedia":[{"embeddable":true,"href":"https:\/\/elconspirador.com.mx\/index.php?rest_route=\/wp\/v2\/media\/75146"}],"wp:attachment":[{"href":"https:\/\/elconspirador.com.mx\/index.php?rest_route=%2Fwp%2Fv2%2Fmedia&parent=75145"}],"wp:term":[{"taxonomy":"category","embeddable":true,"href":"https:\/\/elconspirador.com.mx\/index.php?rest_route=%2Fwp%2Fv2%2Fcategories&post=75145"},{"taxonomy":"post_tag","embeddable":true,"href":"https:\/\/elconspirador.com.mx\/index.php?rest_route=%2Fwp%2Fv2%2Ftags&post=75145"}],"curies":[{"name":"wp","href":"https:\/\/api.w.org\/{rel}","templated":true}]}}