{"id":75149,"date":"2026-03-01T14:11:27","date_gmt":"2026-03-01T20:11:27","guid":{"rendered":"https:\/\/elconspirador.com.mx\/?p=75149"},"modified":"2026-03-01T14:11:27","modified_gmt":"2026-03-01T20:11:27","slug":"padre-e-hijo-a-prision-por-feminicidio","status":"publish","type":"post","link":"https:\/\/elconspirador.com.mx\/?p=75149","title":{"rendered":"PADRE E HIJO A PRISI\u00d3N POR FEMINICIDIO"},"content":{"rendered":"<p>La Fiscal\u00eda General del Estado obtuvo la vinculaci\u00f3n a proceso de dos hombres, padre e hijo, por hechos relacionados con un feminicidio y la desaparici\u00f3n de una persona. Julio \u201cN\u201d fue vinculado a proceso por el delito de feminicidio en agravio de quien fuera su pareja sentimental, mientras que Emmanuel \u201cN\u201d fue vinculado por un delito vinculado a la desaparici\u00f3n de persona.<\/p>\n<p>De acuerdo con la investigaci\u00f3n, en abril de 2022 la v\u00edctima, se encontraba en su domicilio ubicado en la localidad de Jacal de la Piedad, municipio de Amealco de Bonfil, Quer\u00e9taro, en compa\u00f1\u00eda de su pareja Julio \u201cN\u201d, con quien mantuvo una relaci\u00f3n de m\u00e1s de 20 a\u00f1os. Durante ese hecho, la v\u00edctima fue agredida f\u00edsicamente, recibiendo un golpe en la cabeza que le ocasion\u00f3 la muerte.<\/p>\n<p>Posteriormente, Emmanuel \u201cN\u201d, hijo de la v\u00edctima, tuvo conocimiento de los hechos y probablemente intervino en la ocultaci\u00f3n del cuerpo, al depositarlo en el interior de una fosa s\u00e9ptica ubicada en el mismo domicilio, motivo por el cual el paradero de la v\u00edctima permaneci\u00f3 desconocido.<\/p>\n<p>El 28 de julio de 2025, fue localizado el cuerpo sin vida de la v\u00edctima, fecha en la que esta fiscal\u00eda inici\u00f3 las diligencias periciales, ministeriales y policiales con perspectiva de g\u00e9nero, por personal especializado adscrito a esta instituci\u00f3n. Las diligencias permitieron la total identificaci\u00f3n de la v\u00edctima e indicios relevantes para la investigaci\u00f3n.<\/p>\n<p>En audiencia inicial, esta Fiscal\u00eda formul\u00f3 imputaci\u00f3n en contra de Julio \u201cN\u201d por el delito de feminicidio; tras la exposici\u00f3n de los datos de prueba, el Juez resolvi\u00f3 vincularlo a proceso, imponiendo prisi\u00f3n preventiva justificada y fijando un plazo de 3 meses para la investigaci\u00f3n complementaria.<\/p>\n<p>En audiencia diversa, derivada del cumplimiento de una orden de aprehensi\u00f3n, se formul\u00f3 imputaci\u00f3n en contra de Emmanuel \u201cN\u201d por delito vinculado a la desaparici\u00f3n de persona. El imputado se reserv\u00f3 su derecho a declarar y el \u00f3rgano jurisdiccional determin\u00f3 vincularlo a proceso, imponiendo prisi\u00f3n preventiva justificada y estableciendo igualmente un plazo de 3 meses de investigaci\u00f3n complementaria.<\/p>\n<p>La Fiscal\u00eda General del Estado reitera su compromiso de investigar con perspectiva de g\u00e9nero los delitos que atentan contra la vida y la integridad de las mujeres, garantizando el acceso a la justicia para las v\u00edctimas y sus familias, y llevando ante la autoridad judicial a quienes resulten responsables.<\/p>\n","protected":false},"excerpt":{"rendered":"<p>La Fiscal\u00eda General del Estado obtuvo la vinculaci\u00f3n a proceso de dos hombres, padre e hijo, por hechos relacionados con un feminicidio y la desaparici\u00f3n de una persona. Julio \u201cN\u201d fue vinculado a proceso por el delito de feminicidio en agravio de quien fuera su pareja sentimental, mientras que Emmanuel \u201cN\u201d fue vinculado por un delito vinculado a la desaparici\u00f3n<\/p>\n<div class=\"h10\"><\/div>\n<p><a class=\"more-link2 flat\" href=\"https:\/\/elconspirador.com.mx\/?p=75149\">Leer m\u00e1s<\/a><\/p>\n","protected":false},"author":1,"featured_media":75150,"comment_status":"open","ping_status":"open","sticky":false,"template":"","format":"standard","meta":{"om_disable_all_campaigns":false,"_uf_show_specific_survey":0,"_uf_disable_surveys":false},"categories":[1],"tags":[],"aioseo_notices":[],"_links":{"self":[{"href":"https:\/\/elconspirador.com.mx\/index.php?rest_route=\/wp\/v2\/posts\/75149"}],"collection":[{"href":"https:\/\/elconspirador.com.mx\/index.php?rest_route=\/wp\/v2\/posts"}],"about":[{"href":"https:\/\/elconspirador.com.mx\/index.php?rest_route=\/wp\/v2\/types\/post"}],"author":[{"embeddable":true,"href":"https:\/\/elconspirador.com.mx\/index.php?rest_route=\/wp\/v2\/users\/1"}],"replies":[{"embeddable":true,"href":"https:\/\/elconspirador.com.mx\/index.php?rest_route=%2Fwp%2Fv2%2Fcomments&post=75149"}],"version-history":[{"count":1,"href":"https:\/\/elconspirador.com.mx\/index.php?rest_route=\/wp\/v2\/posts\/75149\/revisions"}],"predecessor-version":[{"id":75151,"href":"https:\/\/elconspirador.com.mx\/index.php?rest_route=\/wp\/v2\/posts\/75149\/revisions\/75151"}],"wp:featuredmedia":[{"embeddable":true,"href":"https:\/\/elconspirador.com.mx\/index.php?rest_route=\/wp\/v2\/media\/75150"}],"wp:attachment":[{"href":"https:\/\/elconspirador.com.mx\/index.php?rest_route=%2Fwp%2Fv2%2Fmedia&parent=75149"}],"wp:term":[{"taxonomy":"category","embeddable":true,"href":"https:\/\/elconspirador.com.mx\/index.php?rest_route=%2Fwp%2Fv2%2Fcategories&post=75149"},{"taxonomy":"post_tag","embeddable":true,"href":"https:\/\/elconspirador.com.mx\/index.php?rest_route=%2Fwp%2Fv2%2Ftags&post=75149"}],"curies":[{"name":"wp","href":"https:\/\/api.w.org\/{rel}","templated":true}]}}