{"id":75152,"date":"2026-02-26T12:09:14","date_gmt":"2026-02-26T18:09:14","guid":{"rendered":"https:\/\/elconspirador.com.mx\/?p=75152"},"modified":"2026-02-26T12:09:14","modified_gmt":"2026-02-26T18:09:14","slug":"queretaro-pide-apoyo-a-la-federacion-apoyo-para-obras-del-tren-mex-qro","status":"publish","type":"post","link":"https:\/\/elconspirador.com.mx\/?p=75152","title":{"rendered":"QUER\u00c9TARO PIDE APOYO A LA FEDERACI\u00d3N APOYO PARA OBRAS DEL TREN MEX-QRO"},"content":{"rendered":"<p>El Gobierno del Estado solicit\u00f3 a la federaci\u00f3n la implementaci\u00f3n de obras complementarias en la estaci\u00f3n principal del tren de pasajeros M\u00e9xico\u2013Quer\u00e9taro, ubicada en el municipio de El Marqu\u00e9s, con el objetivo de garantizar su adecuada operaci\u00f3n y movilidad.<\/p>\n<p>El secretario de Desarrollo Urbano y Obras P\u00fablicas, P\u00edo X. Salgado Tovar, inform\u00f3 que esta petici\u00f3n se realiz\u00f3 durante la reuni\u00f3n sostenida el pasado mi\u00e9rcoles con el secretario de Hacienda, en la que se reiteraron planteamientos previamente expuestos ante la Agencia Reguladora correspondiente.<\/p>\n<p>\u201cSobre todo a gestionar y a puntualizar m\u00e1s los temas de las obras necesarias en la estaci\u00f3n de tren de El Marqu\u00e9s. Fue reiterarles lo que ya se hab\u00eda comentado con la Agencia Reguladora y reiterarlo con el secretario de Hacienda\u201d.<\/p>\n<p>El funcionario explic\u00f3 que el prop\u00f3sito principal fue exponer el punto de vista de las autoridades estatales y municipales respecto a las acciones que consideran indispensables para asegurar la funcionalidad del proyecto ferroviario.<\/p>\n<p>\u201cB\u00e1sicamente el objetivo es que la estaci\u00f3n funcione, no alguna otra cosa. En nuestro punto de vista, la estaci\u00f3n debe ser un \u00e9xito y creemos que para que tenga \u00e9xito se requerir\u00e1n estas obras\u201d.<\/p>\n<p>Detall\u00f3 que uno de los principales planteamientos se centra en la carretera 210, vialidad que conecta desde la autopista hasta el Centro de Atenci\u00f3n Municipal, as\u00ed como en la vinculaci\u00f3n con Constituyentes Oriente.<\/p>\n<p>Asimismo, mencion\u00f3 la necesidad de mejorar la distribuci\u00f3n vial para facilitar el acceso a la estaci\u00f3n, ubicada al norte del Centro de Atenci\u00f3n Municipal, adem\u00e1s de intervenir el distribuidor en el entronque con la carretera 200, que conduce al Aeropuerto Intercontinental de Quer\u00e9taro.<\/p>\n<p>\u201cUna distribuci\u00f3n para poder accesar a la estaci\u00f3n que est\u00e1 al norte del Centro de Atenci\u00f3n Municipal y en el distribuidor que va en el entronque con la 200, que es la que va al aeropuerto\u201d.<\/p>\n","protected":false},"excerpt":{"rendered":"<p>El Gobierno del Estado solicit\u00f3 a la federaci\u00f3n la implementaci\u00f3n de obras complementarias en la estaci\u00f3n principal del tren de pasajeros M\u00e9xico\u2013Quer\u00e9taro, ubicada en el municipio de El Marqu\u00e9s, con el objetivo de garantizar su adecuada operaci\u00f3n y movilidad. El secretario de Desarrollo Urbano y Obras P\u00fablicas, P\u00edo X. Salgado Tovar, inform\u00f3 que esta petici\u00f3n se realiz\u00f3 durante la reuni\u00f3n<\/p>\n<div class=\"h10\"><\/div>\n<p><a class=\"more-link2 flat\" href=\"https:\/\/elconspirador.com.mx\/?p=75152\">Leer m\u00e1s<\/a><\/p>\n","protected":false},"author":1,"featured_media":75153,"comment_status":"open","ping_status":"open","sticky":false,"template":"","format":"standard","meta":{"om_disable_all_campaigns":false,"_uf_show_specific_survey":0,"_uf_disable_surveys":false},"categories":[1],"tags":[],"aioseo_notices":[],"_links":{"self":[{"href":"https:\/\/elconspirador.com.mx\/index.php?rest_route=\/wp\/v2\/posts\/75152"}],"collection":[{"href":"https:\/\/elconspirador.com.mx\/index.php?rest_route=\/wp\/v2\/posts"}],"about":[{"href":"https:\/\/elconspirador.com.mx\/index.php?rest_route=\/wp\/v2\/types\/post"}],"author":[{"embeddable":true,"href":"https:\/\/elconspirador.com.mx\/index.php?rest_route=\/wp\/v2\/users\/1"}],"replies":[{"embeddable":true,"href":"https:\/\/elconspirador.com.mx\/index.php?rest_route=%2Fwp%2Fv2%2Fcomments&post=75152"}],"version-history":[{"count":1,"href":"https:\/\/elconspirador.com.mx\/index.php?rest_route=\/wp\/v2\/posts\/75152\/revisions"}],"predecessor-version":[{"id":75154,"href":"https:\/\/elconspirador.com.mx\/index.php?rest_route=\/wp\/v2\/posts\/75152\/revisions\/75154"}],"wp:featuredmedia":[{"embeddable":true,"href":"https:\/\/elconspirador.com.mx\/index.php?rest_route=\/wp\/v2\/media\/75153"}],"wp:attachment":[{"href":"https:\/\/elconspirador.com.mx\/index.php?rest_route=%2Fwp%2Fv2%2Fmedia&parent=75152"}],"wp:term":[{"taxonomy":"category","embeddable":true,"href":"https:\/\/elconspirador.com.mx\/index.php?rest_route=%2Fwp%2Fv2%2Fcategories&post=75152"},{"taxonomy":"post_tag","embeddable":true,"href":"https:\/\/elconspirador.com.mx\/index.php?rest_route=%2Fwp%2Fv2%2Ftags&post=75152"}],"curies":[{"name":"wp","href":"https:\/\/api.w.org\/{rel}","templated":true}]}}