{"id":75155,"date":"2026-02-26T12:22:13","date_gmt":"2026-02-26T18:22:13","guid":{"rendered":"https:\/\/elconspirador.com.mx\/?p=75155"},"modified":"2026-02-26T12:22:13","modified_gmt":"2026-02-26T18:22:13","slug":"felifer-entrega-computadoras-portatiles","status":"publish","type":"post","link":"https:\/\/elconspirador.com.mx\/?p=75155","title":{"rendered":"FELIFER ENTREGA COMPUTADORAS PORT\u00c1TILES"},"content":{"rendered":"<p>El presidente municipal de Quer\u00e9taro, Felifer Mac\u00edas, encabez\u00f3 la entrega de computadoras port\u00e1tiles del programa Conectados y destac\u00f3 que esta acci\u00f3n reduce la brecha digital y ampl\u00eda el acceso a las nuevas tecnolog\u00edas de la informaci\u00f3n, herramientas que impactan de manera directa en el desarrollo humano e integral, adem\u00e1s de generar condiciones m\u00e1s equitativas para que las y los j\u00f3venes queretanos cuenten con las mismas oportunidades de aprendizaje y crecimiento.<\/p>\n<p>\u201cCuando tienen ya una tecnolog\u00eda de esta naturaleza con todas las oportunidades que les va a brindar, y tambi\u00e9n las puertas que les va a abrir al mundo, y que tambi\u00e9n les quiero decir, chicas, chicos, que esto lo hagan de manera responsable. Y tambi\u00e9n, mam\u00e1s, pap\u00e1s, familiares tambi\u00e9n, siempre estemos al pendiente de lo que se consume en esta tecnolog\u00eda, porque ah\u00ed, como ustedes saben, entra de todo. La tecnolog\u00eda sirve para maravillas, sirve para hacer grandes cosas, pero tambi\u00e9n puede servir para cosas muy negativas, y tenemos que estar bien al pendiente de nuestros j\u00f3venes para que sigan caminando y desarroll\u00e1ndose como se debe\u201d, se\u00f1al\u00f3.<\/p>\n<p>Felifer Mac\u00edas record\u00f3 cuando sus pap\u00e1s \u2013Adriana y Felipe- con mucho esfuerzo le compraron su primera computadora port\u00e1til, la cual se convirti\u00f3 en un instrumento importante para su desarrollo acad\u00e9mico, por eso llam\u00f3 a las y los j\u00f3venes beneficiados a aprovechar esta herramienta digital para que aunado al trabajo y disciplina puedan salir adelante en sus estudios y puedan cumplir sus sue\u00f1os.<\/p>\n<p>En esta segunda entrega que se realiz\u00f3 en el Centro de Desarrollo Comunitario Reforma Lomas, se beneficiaron a mil queretanas y queretanos y que se suma a la primera entrega que se realiz\u00f3 en Santa Rosa J\u00e1uregui, en donde se entregaron m\u00e1s de mil computadoras. El objetivo del programa es llegar a cuatro mil 918 beneficiados directos.<\/p>\n<p>El programa Conectados, el cual es operado por la Secretar\u00eda de Desarrollo Social, tiene el objetivo de facilitar el acceso a la tecnolog\u00eda a trav\u00e9s de la entrega de una computadora port\u00e1til, que contribuya a los procesos de desarrollo integral social, en cualquier \u00e1mbito de su formaci\u00f3n y desarrollo, reducir la desigualdad y favorecer el bienestar integral de las personas.<\/p>\n","protected":false},"excerpt":{"rendered":"<p>El presidente municipal de Quer\u00e9taro, Felifer Mac\u00edas, encabez\u00f3 la entrega de computadoras port\u00e1tiles del programa Conectados y destac\u00f3 que esta acci\u00f3n reduce la brecha digital y ampl\u00eda el acceso a las nuevas tecnolog\u00edas de la informaci\u00f3n, herramientas que impactan de manera directa en el desarrollo humano e integral, adem\u00e1s de generar condiciones m\u00e1s equitativas para que las y los j\u00f3venes<\/p>\n<div class=\"h10\"><\/div>\n<p><a class=\"more-link2 flat\" href=\"https:\/\/elconspirador.com.mx\/?p=75155\">Leer m\u00e1s<\/a><\/p>\n","protected":false},"author":1,"featured_media":75156,"comment_status":"open","ping_status":"open","sticky":false,"template":"","format":"standard","meta":{"om_disable_all_campaigns":false,"_uf_show_specific_survey":0,"_uf_disable_surveys":false},"categories":[1],"tags":[],"aioseo_notices":[],"_links":{"self":[{"href":"https:\/\/elconspirador.com.mx\/index.php?rest_route=\/wp\/v2\/posts\/75155"}],"collection":[{"href":"https:\/\/elconspirador.com.mx\/index.php?rest_route=\/wp\/v2\/posts"}],"about":[{"href":"https:\/\/elconspirador.com.mx\/index.php?rest_route=\/wp\/v2\/types\/post"}],"author":[{"embeddable":true,"href":"https:\/\/elconspirador.com.mx\/index.php?rest_route=\/wp\/v2\/users\/1"}],"replies":[{"embeddable":true,"href":"https:\/\/elconspirador.com.mx\/index.php?rest_route=%2Fwp%2Fv2%2Fcomments&post=75155"}],"version-history":[{"count":1,"href":"https:\/\/elconspirador.com.mx\/index.php?rest_route=\/wp\/v2\/posts\/75155\/revisions"}],"predecessor-version":[{"id":75157,"href":"https:\/\/elconspirador.com.mx\/index.php?rest_route=\/wp\/v2\/posts\/75155\/revisions\/75157"}],"wp:featuredmedia":[{"embeddable":true,"href":"https:\/\/elconspirador.com.mx\/index.php?rest_route=\/wp\/v2\/media\/75156"}],"wp:attachment":[{"href":"https:\/\/elconspirador.com.mx\/index.php?rest_route=%2Fwp%2Fv2%2Fmedia&parent=75155"}],"wp:term":[{"taxonomy":"category","embeddable":true,"href":"https:\/\/elconspirador.com.mx\/index.php?rest_route=%2Fwp%2Fv2%2Fcategories&post=75155"},{"taxonomy":"post_tag","embeddable":true,"href":"https:\/\/elconspirador.com.mx\/index.php?rest_route=%2Fwp%2Fv2%2Ftags&post=75155"}],"curies":[{"name":"wp","href":"https:\/\/api.w.org\/{rel}","templated":true}]}}