{"id":75174,"date":"2026-02-26T15:10:09","date_gmt":"2026-02-26T21:10:09","guid":{"rendered":"https:\/\/elconspirador.com.mx\/?p=75174"},"modified":"2026-02-26T15:10:09","modified_gmt":"2026-02-26T21:10:09","slug":"entregan-3-aulas-nuevas-en-corregidora","status":"publish","type":"post","link":"https:\/\/elconspirador.com.mx\/?p=75174","title":{"rendered":"ENTREGAN 3 AULAS NUEVAS EN CORREGIDORA"},"content":{"rendered":"<p class=\"s6\"><span class=\"s5\">El presidente municipal de Corregidora, Chepe Guerrero, en coordinaci\u00f3n con el director general del Instituto de Infraestructura F\u00edsica Educativa del Estado de Quer\u00e9taro (IFEQ), Fernando Orozco, entreg\u00f3 la <\/span><span class=\"s5\">construcci\u00f3n<\/span><span class=\"s5\"> de tres aulas did\u00e1cticas en la primaria vespertina \u201cQuetzalc\u00f3atl\u201d, ubicada en la colonia San Jos\u00e9 de Los Olvera, gracias a una inversi\u00f3n de 2.1 millones de pesos.<\/span><\/p>\n<p class=\"s6\"><span class=\"s5\">\u00a0<\/span><\/p>\n<p class=\"s6\"><span class=\"s5\">Asimismo<\/span><span class=\"s5\">, en la comunidad de El Romeral <\/span><span class=\"s5\">inauguraron la construcci\u00f3n de un aula adicional y obras exteriores en la primaria general \u201cEscuadr\u00f3n 201\u201d, con una inversi\u00f3n de 1.2 millones de pesos.<\/span><\/p>\n<p class=\"s6\"><span class=\"s5\">\u00a0<\/span><\/p>\n<p class=\"s6\"><span class=\"s5\">El alcalde <\/span><span class=\"s5\">Chepe Guerrero reconoci\u00f3 el compromiso del Gobierno del Estado por garantizar infraestructura educativa digna y de calidad para las y los estudiantes de Corregidora y de todo Quer\u00e9taro.<\/span><\/p>\n<p class=\"s6\"><span class=\"s5\">\u00a0<\/span><\/p>\n<p class=\"s6\"><span class=\"s5\">\u201cMe da mucho gusto venir a entregar obra junto con el IFEQ, y a\u00fan m\u00e1s que se anuncie m\u00e1s recurso para esta escuela. Hemos hecho una gran mancuerna con el Gobierno Estatal para trabajar por lo m\u00e1s importante que tenemos: la educaci\u00f3n\u201d, expres\u00f3.<\/span><\/p>\n<p class=\"s6\"><span class=\"s5\">\u00a0<\/span><\/p>\n<p class=\"s6\"><span class=\"s5\">Por su parte, e<\/span><span class=\"s5\">l director general del IFEQ, Fernando Orozco, anunci\u00f3 para este a\u00f1o la <\/span><span class=\"s5\">sustituci\u00f3n<\/span><span class=\"s5\"> de un <\/span><span class=\"s5\">segundo <\/span><a name=\"_GoBack\"><\/a><span class=\"s5\">edificio de 3 aulas en <\/span><span class=\"s5\">la primaria vespertina \u201cQuetzalc\u00f3atl\u201d<\/span><span class=\"s5\"> y <\/span><span class=\"s5\">un m\u00f3dulo de ba\u00f1os que brinde la capacidad necesaria para la actual matr\u00edcula.<\/span><\/p>\n<p class=\"s6\"><span class=\"s5\">\u00a0<\/span><\/p>\n<p class=\"s6\"><span class=\"s5\">&#8220;Nuestro gobernador, Mauricio Kuri, ha estado muy atento a que la educaci\u00f3n sea de calidad y que la infraestructura educativa cada d\u00eda sea igual para todos los estudiantes de Quer\u00e9taro&#8221;, se\u00f1al\u00f3. <\/span><\/p>\n<p class=\"s6\"><span class=\"s5\">\u00a0<\/span><\/p>\n<p class=\"s6\"><span class=\"s5\">Durante las entregas de obra estuvieron presentes la d<\/span><span class=\"s5\">irectora de la escuela primaria <\/span><span class=\"s5\">\u201cEscuadr\u00f3n 201\u201d, Cecilia Casta\u00f1\u00f3n Moreno y <\/span><span class=\"s5\">el director de la escuela primaria <\/span><span class=\"s5\">\u201c<\/span><span class=\"s5\">Quetzalc\u00f3atl<\/span><span class=\"s5\">\u201d<\/span><span class=\"s5\">, Jos\u00e9 Antonio Cruz,<\/span><span class=\"s5\"> quienes<\/span><span class=\"s5\">reiteraron su cooperaci\u00f3n <\/span><span class=\"s5\">por el trabajo realizado en favor de las y los estudiantes, as\u00ed como la voluntad de los padres de familia por apoyar <\/span><span class=\"s5\">en la realizaci\u00f3n de<\/span><span class=\"s5\"> los proyectos presentados.<\/span><\/p>\n","protected":false},"excerpt":{"rendered":"<p>El presidente municipal de Corregidora, Chepe Guerrero, en coordinaci\u00f3n con el director general del Instituto de Infraestructura F\u00edsica Educativa del Estado de Quer\u00e9taro (IFEQ), Fernando Orozco, entreg\u00f3 la construcci\u00f3n de tres aulas did\u00e1cticas en la primaria vespertina \u201cQuetzalc\u00f3atl\u201d, ubicada en la colonia San Jos\u00e9 de Los Olvera, gracias a una inversi\u00f3n de 2.1 millones de pesos. \u00a0 Asimismo, en la<\/p>\n<div class=\"h10\"><\/div>\n<p><a class=\"more-link2 flat\" href=\"https:\/\/elconspirador.com.mx\/?p=75174\">Leer m\u00e1s<\/a><\/p>\n","protected":false},"author":1,"featured_media":75175,"comment_status":"open","ping_status":"open","sticky":false,"template":"","format":"standard","meta":{"om_disable_all_campaigns":false,"_uf_show_specific_survey":0,"_uf_disable_surveys":false},"categories":[1],"tags":[],"aioseo_notices":[],"_links":{"self":[{"href":"https:\/\/elconspirador.com.mx\/index.php?rest_route=\/wp\/v2\/posts\/75174"}],"collection":[{"href":"https:\/\/elconspirador.com.mx\/index.php?rest_route=\/wp\/v2\/posts"}],"about":[{"href":"https:\/\/elconspirador.com.mx\/index.php?rest_route=\/wp\/v2\/types\/post"}],"author":[{"embeddable":true,"href":"https:\/\/elconspirador.com.mx\/index.php?rest_route=\/wp\/v2\/users\/1"}],"replies":[{"embeddable":true,"href":"https:\/\/elconspirador.com.mx\/index.php?rest_route=%2Fwp%2Fv2%2Fcomments&post=75174"}],"version-history":[{"count":1,"href":"https:\/\/elconspirador.com.mx\/index.php?rest_route=\/wp\/v2\/posts\/75174\/revisions"}],"predecessor-version":[{"id":75176,"href":"https:\/\/elconspirador.com.mx\/index.php?rest_route=\/wp\/v2\/posts\/75174\/revisions\/75176"}],"wp:featuredmedia":[{"embeddable":true,"href":"https:\/\/elconspirador.com.mx\/index.php?rest_route=\/wp\/v2\/media\/75175"}],"wp:attachment":[{"href":"https:\/\/elconspirador.com.mx\/index.php?rest_route=%2Fwp%2Fv2%2Fmedia&parent=75174"}],"wp:term":[{"taxonomy":"category","embeddable":true,"href":"https:\/\/elconspirador.com.mx\/index.php?rest_route=%2Fwp%2Fv2%2Fcategories&post=75174"},{"taxonomy":"post_tag","embeddable":true,"href":"https:\/\/elconspirador.com.mx\/index.php?rest_route=%2Fwp%2Fv2%2Ftags&post=75174"}],"curies":[{"name":"wp","href":"https:\/\/api.w.org\/{rel}","templated":true}]}}