{"id":75205,"date":"2026-03-01T12:22:09","date_gmt":"2026-03-01T18:22:09","guid":{"rendered":"https:\/\/elconspirador.com.mx\/?p=75205"},"modified":"2026-03-01T12:22:09","modified_gmt":"2026-03-01T18:22:09","slug":"queretaro-registra-21-casos-de-sarampion","status":"publish","type":"post","link":"https:\/\/elconspirador.com.mx\/?p=75205","title":{"rendered":"QUER\u00c9TARO REGISTRA 21 CASOS DE SARAMPI\u00d3N"},"content":{"rendered":"<p>La secretaria de Salud del estado, Martina P\u00e9rez Rend\u00f3n, confirm\u00f3 que en Quer\u00e9taro ya suman 21 casos de sarampi\u00f3n en lo que va del a\u00f1o, luego de que en las \u00faltimas horas se confirmaran dos nuevos contagios.<\/p>\n<p>La funcionaria estatal detall\u00f3 que apenas esta semana se reportaban 19 casos; sin embargo, tras los estudios correspondientes, se detectaron dos m\u00e1s en la entidad.<\/p>\n<p>&#8220;Estos dos son internos. Hacemos toda la entrevista para poder identificar en d\u00f3nde se pudieron haber contagiado y pues es complicado dado el mecanismo de transmisi\u00f3n&#8221;.<\/p>\n<p>P\u00e9rez Rend\u00f3n se\u00f1al\u00f3 que, en al menos dos de los casos confirmados, se han identificado personas contagiadas asociadas, por lo que se mantiene la vigilancia epidemiol\u00f3gica y el seguimiento correspondiente.<\/p>\n<p>&#8220;Seguimos intensificando la vigilancia epidemiol\u00f3gica, sobre todo insistiendo en la necesidad de que las personas que no tienen dos dosis de vacuna o desconocen su estatus, pues se acerquen a los centros de salud o a los m\u00f3dulos&#8221;.<\/p>\n<p>Agreg\u00f3 que los m\u00f3dulos de vacunaci\u00f3n del Instituto Mexicano del Seguro Social contin\u00faan activos, al igual que el instalado por la Secretar\u00eda de Salud en Plaza de Armas, con el objetivo de ampliar la cobertura y prevenir m\u00e1s contagios.<\/p>\n","protected":false},"excerpt":{"rendered":"<p>La secretaria de Salud del estado, Martina P\u00e9rez Rend\u00f3n, confirm\u00f3 que en Quer\u00e9taro ya suman 21 casos de sarampi\u00f3n en lo que va del a\u00f1o, luego de que en las \u00faltimas horas se confirmaran dos nuevos contagios. La funcionaria estatal detall\u00f3 que apenas esta semana se reportaban 19 casos; sin embargo, tras los estudios correspondientes, se detectaron dos m\u00e1s en<\/p>\n<div class=\"h10\"><\/div>\n<p><a class=\"more-link2 flat\" href=\"https:\/\/elconspirador.com.mx\/?p=75205\">Leer m\u00e1s<\/a><\/p>\n","protected":false},"author":1,"featured_media":75206,"comment_status":"open","ping_status":"open","sticky":false,"template":"","format":"standard","meta":{"om_disable_all_campaigns":false,"_uf_show_specific_survey":0,"_uf_disable_surveys":false},"categories":[1],"tags":[],"aioseo_notices":[],"_links":{"self":[{"href":"https:\/\/elconspirador.com.mx\/index.php?rest_route=\/wp\/v2\/posts\/75205"}],"collection":[{"href":"https:\/\/elconspirador.com.mx\/index.php?rest_route=\/wp\/v2\/posts"}],"about":[{"href":"https:\/\/elconspirador.com.mx\/index.php?rest_route=\/wp\/v2\/types\/post"}],"author":[{"embeddable":true,"href":"https:\/\/elconspirador.com.mx\/index.php?rest_route=\/wp\/v2\/users\/1"}],"replies":[{"embeddable":true,"href":"https:\/\/elconspirador.com.mx\/index.php?rest_route=%2Fwp%2Fv2%2Fcomments&post=75205"}],"version-history":[{"count":1,"href":"https:\/\/elconspirador.com.mx\/index.php?rest_route=\/wp\/v2\/posts\/75205\/revisions"}],"predecessor-version":[{"id":75207,"href":"https:\/\/elconspirador.com.mx\/index.php?rest_route=\/wp\/v2\/posts\/75205\/revisions\/75207"}],"wp:featuredmedia":[{"embeddable":true,"href":"https:\/\/elconspirador.com.mx\/index.php?rest_route=\/wp\/v2\/media\/75206"}],"wp:attachment":[{"href":"https:\/\/elconspirador.com.mx\/index.php?rest_route=%2Fwp%2Fv2%2Fmedia&parent=75205"}],"wp:term":[{"taxonomy":"category","embeddable":true,"href":"https:\/\/elconspirador.com.mx\/index.php?rest_route=%2Fwp%2Fv2%2Fcategories&post=75205"},{"taxonomy":"post_tag","embeddable":true,"href":"https:\/\/elconspirador.com.mx\/index.php?rest_route=%2Fwp%2Fv2%2Ftags&post=75205"}],"curies":[{"name":"wp","href":"https:\/\/api.w.org\/{rel}","templated":true}]}}