{"id":75211,"date":"2026-02-28T14:06:12","date_gmt":"2026-02-28T20:06:12","guid":{"rendered":"https:\/\/elconspirador.com.mx\/?p=75211"},"modified":"2026-02-28T14:06:12","modified_gmt":"2026-02-28T20:06:12","slug":"mas-de-2-mil-hectareas-afectadas-por-incendios","status":"publish","type":"post","link":"https:\/\/elconspirador.com.mx\/?p=75211","title":{"rendered":"M\u00c1S DE 2 MIL HECT\u00c1REAS AFECTADAS POR INCENDIOS"},"content":{"rendered":"<p>En lo que va de la temporada, m\u00e1s de 2 mil hect\u00e1reas han resultado afectadas por incendios en el estado, inform\u00f3 el coordinador estatal de Protecci\u00f3n Civil, Javier Amaya Torres.<\/p>\n<p>El funcionario detall\u00f3 que se han registrado distintos tipos de siniestros, principalmente incendios de pastizales en la zona metropolitana de Quer\u00e9taro.<\/p>\n<p>De acuerdo con datos de la Comisi\u00f3n Nacional Forestal (Conafor), actualmente se tienen contabilizados 15 incendios forestales, algunos de ellos en zonas cerriles.<\/p>\n<p>&#8220;Tenemos ahorita registrados por la Conafor 15 incendios forestales, que est\u00e1n considerando algunos incendios cerriles, pero ellos ya lo est\u00e1n considerando como 15 incendios forestales con una afectaci\u00f3n de 200 hect\u00e1reas&#8221;.<\/p>\n<p>Adem\u00e1s, se\u00f1al\u00f3 que en promedio se han registrado hasta 27 incendios de pastizales, principalmente en la zona metropolitana, de los cuales alrededor del 80 por ciento son atribuidos a la acci\u00f3n humana.<\/p>\n<p>&#8220;Hay algunos incendios que son provocados por radiaci\u00f3n solar, pero la gran mayor\u00eda son provocados por acci\u00f3n humana; no sabemos si es la intenci\u00f3n o por descuido&#8221;.<\/p>\n<p>Las autoridades reiteraron el llamado a la ciudadan\u00eda para evitar quemas y reportar cualquier conato de incendio a los n\u00fameros de emergencia, a fin de prevenir mayores afectaciones ambientales.<\/p>\n","protected":false},"excerpt":{"rendered":"<p>En lo que va de la temporada, m\u00e1s de 2 mil hect\u00e1reas han resultado afectadas por incendios en el estado, inform\u00f3 el coordinador estatal de Protecci\u00f3n Civil, Javier Amaya Torres. El funcionario detall\u00f3 que se han registrado distintos tipos de siniestros, principalmente incendios de pastizales en la zona metropolitana de Quer\u00e9taro. De acuerdo con datos de la Comisi\u00f3n Nacional Forestal<\/p>\n<div class=\"h10\"><\/div>\n<p><a class=\"more-link2 flat\" href=\"https:\/\/elconspirador.com.mx\/?p=75211\">Leer m\u00e1s<\/a><\/p>\n","protected":false},"author":1,"featured_media":75212,"comment_status":"open","ping_status":"open","sticky":false,"template":"","format":"standard","meta":{"om_disable_all_campaigns":false,"_uf_show_specific_survey":0,"_uf_disable_surveys":false},"categories":[1],"tags":[],"aioseo_notices":[],"_links":{"self":[{"href":"https:\/\/elconspirador.com.mx\/index.php?rest_route=\/wp\/v2\/posts\/75211"}],"collection":[{"href":"https:\/\/elconspirador.com.mx\/index.php?rest_route=\/wp\/v2\/posts"}],"about":[{"href":"https:\/\/elconspirador.com.mx\/index.php?rest_route=\/wp\/v2\/types\/post"}],"author":[{"embeddable":true,"href":"https:\/\/elconspirador.com.mx\/index.php?rest_route=\/wp\/v2\/users\/1"}],"replies":[{"embeddable":true,"href":"https:\/\/elconspirador.com.mx\/index.php?rest_route=%2Fwp%2Fv2%2Fcomments&post=75211"}],"version-history":[{"count":1,"href":"https:\/\/elconspirador.com.mx\/index.php?rest_route=\/wp\/v2\/posts\/75211\/revisions"}],"predecessor-version":[{"id":75213,"href":"https:\/\/elconspirador.com.mx\/index.php?rest_route=\/wp\/v2\/posts\/75211\/revisions\/75213"}],"wp:featuredmedia":[{"embeddable":true,"href":"https:\/\/elconspirador.com.mx\/index.php?rest_route=\/wp\/v2\/media\/75212"}],"wp:attachment":[{"href":"https:\/\/elconspirador.com.mx\/index.php?rest_route=%2Fwp%2Fv2%2Fmedia&parent=75211"}],"wp:term":[{"taxonomy":"category","embeddable":true,"href":"https:\/\/elconspirador.com.mx\/index.php?rest_route=%2Fwp%2Fv2%2Fcategories&post=75211"},{"taxonomy":"post_tag","embeddable":true,"href":"https:\/\/elconspirador.com.mx\/index.php?rest_route=%2Fwp%2Fv2%2Ftags&post=75211"}],"curies":[{"name":"wp","href":"https:\/\/api.w.org\/{rel}","templated":true}]}}