{"id":75214,"date":"2026-02-27T17:54:03","date_gmt":"2026-02-27T23:54:03","guid":{"rendered":"https:\/\/elconspirador.com.mx\/?p=75214"},"modified":"2026-02-27T17:54:03","modified_gmt":"2026-02-27T23:54:03","slug":"queretaro-referente-nacional-en-atencion-a-emergencias","status":"publish","type":"post","link":"https:\/\/elconspirador.com.mx\/?p=75214","title":{"rendered":"QUER\u00c9TARO REFERENTE NACIONAL EN ATENCI\u00d3N A EMERGENCIAS"},"content":{"rendered":"<p class=\"s6\">En Quer\u00e9taro entendemos que la seguridad es integral y permanente, anticipar riesgos y coordinar respuestas, es nuestra forma de gobernar, afirm\u00f3 el titular del Poder Ejecutivo, Mauricio Kuri Gonz\u00e1lez, durante su participaci\u00f3n en la Primera Sesi\u00f3n Ordinaria del Consejo Estatal de Protecci\u00f3n Civil 2026, acto en el que se aprob\u00f3 la solicitud de Declaratoria de Emergencia en el estado por la temporada de incendios forestales 2026, cuyo prop\u00f3sito es activar recursos y acciones coordinadas.<\/p>\n<p class=\"s6\">&#8220;La Declaratoria de Emergencia para 2026 fortalece nuestra capacidad de respuesta. Activa recursos, ordena esfuerzos, y protege derechos fundamentales, pero no es un llamado de alarma. Aqu\u00ed trabajamos con m\u00e9todo y decisiones firmes; instituciones que se anticipan y asumen su responsabilidad con un solo objetivo: proteger a Quer\u00e9taro&#8221;, puntualiz\u00f3.<\/p>\n<p class=\"s6\">Durante la sesi\u00f3n de trabajo, y en su car\u00e1cter de presidente del Consejo, Kuri Gonz\u00e1lez refiri\u00f3 que la Protecci\u00f3n Civil forma parte del sistema que sostiene la paz, protege la vida y el patrimonio de la gente; y el entorno nacional, dijo, obliga a actuar con responsabilidad, dado que incendios devastadores, sequ\u00edas prolongadas y fen\u00f3menos cada vez m\u00e1s extremos, ponen en riesgo a comunidades enteras; sin embargo, frente a este escenario, subray\u00f3, en Quer\u00e9taro se act\u00faa con previsi\u00f3n.<\/p>\n<p class=\"s6\">&#8220;Porque una alerta a tiempo significa una comunidad protegida. Un incendio contenido significa familias a salvo. En Quer\u00e9taro, la prevenci\u00f3n es nuestra respuesta. Mantendremos a nuestro estado listo para actuar con coordinaci\u00f3n, rapidez y orden. Porque, cuando las instituciones funcionan, la tranquilidad se sostiene. Aqu\u00ed no improvisamos. Aqu\u00ed prevenimos. Aqu\u00ed cuidamos a nuestra gente. Porque este tambi\u00e9n es el camino hacia la paz&#8221;,enfatiz\u00f3.<\/p>\n<p class=\"s6\">Al tiempo de reconocer el trabajo coordinado que realizaron las diversas dependencias durante las pasadas lluvias en el mes de agosto en la Zona Metropolitana y en octubre en la Zona Serrana, Kuri Gonz\u00e1lez record\u00f3 que pese a que el 2025 puso a prueba al estado; primero con sequ\u00eda y despu\u00e9s con lluvias torrenciales, se respondi\u00f3 con coordinaci\u00f3n institucional y con algo que distingue a Quer\u00e9taro: solidaridad y vocaci\u00f3n de servicio que integr\u00f3 servidoras y servidores p\u00fablicos, voluntarios y ciudadanos trabajandounidos para cuidar de sus vecinos y de sus conciudadanos.<\/p>\n<p class=\"s6\">&#8220;Este Consejo cumpli\u00f3. Se emitieron declaratorias de emergencia y se fortaleci\u00f3 el Sistema Estatal de Protecci\u00f3n Civil. Anticipar riesgos y coordinar respuestas, es nuestra forma de gobernar. Hoy el estiaje vuelve a presentar desaf\u00edos. En el pa\u00eds se acumulan cientos de incendios. En nuestra entidad ya enfrentamos 15, con m\u00e1s de 200 hect\u00e1reas afectadas. Y cada uno representa una amenaza real&#8221;, acentu\u00f3.<\/p>\n<p class=\"s6\">Posterior a reconocer el trabajo coordinado que realiz\u00f3 el Consejo durante la reciente temporada invernal que est\u00e1 cerrando sin afectaciones mayores para la poblaci\u00f3n, el secretario de Gobierno, Eric Gudi\u00f1o Torres, resalt\u00f3 que esto es el resultado del trabajo anticipado, de la coordinaci\u00f3n institucional y del compromiso de quienes integran el Sistema Estatal de Protecci\u00f3n Civil, bajo el liderazgo del Gobernador, puesto que si algo ense\u00f1a la gesti\u00f3n de riesgos, es que la previsi\u00f3n nunca se detiene.<\/p>\n<p class=\"s6\">El tambi\u00e9n Secretario Ejecutivo del Consejo Estatal de Protecci\u00f3n Civil, se\u00f1al\u00f3 que ante una nueva etapa del a\u00f1o, la temporada de primavera y verano, periodos en los que hist\u00f3ricamente se presentan fen\u00f3menos naturales que demandan atenci\u00f3n y preparaci\u00f3n, particularmente en los incendios forestales, altas temperaturas y lluvias intensas derivadas de sistemas cicl\u00f3nicos y huracanes, es el momento oportuno para fortalecer las capacidades preventivas.<\/p>\n<p class=\"s6\">&#8220;En situaciones de emergencia, la protecci\u00f3n de la poblaci\u00f3n est\u00e1 por encima de cualquier diferencia pol\u00edtica o institucional. Reconozco el trabajo de las 18 Coordinaciones de Protecci\u00f3n Civil, su capacidad de respuesta, su coordinaci\u00f3n permanente y su disposici\u00f3n para actuar de manera conjunta para fortalecer este sistema&#8221;, apunt\u00f3.<\/p>\n<p class=\"s6\">Destac\u00f3 que el prop\u00f3sito de la sesi\u00f3n es prepararse antes de que ocurran los riesgos, identificar las zonas con mayores temperaturas, reforzar las estrategias de prevenci\u00f3n de incendios, mejorar los mecanismos de monitoreo y fortalecer los sistemas de alerta temprana, dado que la prevenci\u00f3n implica anticiparse, revisar protocolos, actualizar planes de respuesta, fortalecer la gesti\u00f3n del agua y mejorar la comunicaci\u00f3n con la poblaci\u00f3n.<\/p>\n<p class=\"s6\">&#8220;La Coordinaci\u00f3n de Protecci\u00f3n Civil tiene una responsabilidad constitucional y legal muy clara, proteger la integridad de las personas y su patrimonio, evaluar riesgos, informar oportunamente y planear las acciones necesarias para enfrentar cualquier contingencia. Se\u00f1or Gobernador, cuente con este Consejo que seguiremos trabajando con responsabilidad, coordinaci\u00f3n institucional y visi\u00f3n preventiva para que Quer\u00e9taro contin\u00fae siendo un Estado seguro, preparado y resiliente&#8221;, manifest\u00f3.<\/p>\n<p class=\"s6\">El informe sobre los trabajos del Consejo durante el a\u00f1o pasado estuvo a cargo del director general de la Coordinaci\u00f3n Estatal de Protecci\u00f3n Civil (CEPCQ), Javier Amaya Torres, quien indic\u00f3 que, debido al inicio temprano de los incendios forestales, la experiencia cr\u00edtica de 2025 y con el objetivo de garantizar la atenci\u00f3n oportuna de los riesgos que amenazan la vida, la salud y el patrimonio de la poblaci\u00f3n, se propuso emitir la Declaratoria de Emergencia en el estado, pues en lo que va de este 2026 se tiene registro de 140 incendios forestales atendidos, con una afectaci\u00f3n total de dos mil 24 hect\u00e1reas; siendo el municipio de Huimilpan el que mayor incidencia registra, con 69 casos, seguido de Quer\u00e9taro, con 14, y Amealco de Bonfil, con 11.<\/p>\n<p class=\"s6\">Sobre los eventos acumulados durante el a\u00f1o 2025 y la exposici\u00f3n sobre la temporada de estiaje, sequ\u00eda e incendios forestales y de pastizal en la entidad federativa para el a\u00f1o 2026, en su calidad de Secretario T\u00e9cnico del Consejo Estatal de Protecci\u00f3n Civil, Amaya Torres, inform\u00f3 que ela\u00f1o anterior se tuvo registro de 167 incendios forestales ocurridos en la entidad, con una afectaci\u00f3n de cuatro mil 224 hect\u00e1reas.<\/p>\n<p class=\"s6\"><a name=\"_GoBack\"><\/a><\/p>\n<p class=\"s6\">&#8220;Dentro de los principales retos enfrentados por el Sistema Estatal de Protecci\u00f3n Civil durante el a\u00f1o 2025, la temporada de lluvias y ciclones tropicales tuvo un impacto relevante, llegando a motivar declaratorias de emergencia, mismas que permitieron activar mecanismos financieros de recursos humanos y materiales para la atenci\u00f3n oportuna de situaciones de emergencia derivadas del impacto de fen\u00f3menos de origen hidrometeoro l\u00f3gico en nuestro estado&#8221;, indic\u00f3.<\/p>\n<p class=\"s6\">Asimismo, Amaya Torres destac\u00f3 que en Quer\u00e9taro se aplica un Modelo de Atenci\u00f3n y Coordinaci\u00f3n para el control y combate de estos siniestros, con la intervenci\u00f3n simult\u00e1nea de autoridades de los tres \u00f3rdenes de gobierno ante la ocurrencia de alguno de estos fen\u00f3menos, lo que a su vez posiciona a la entidad como referente nacional, al registrar tiempos de respuesta menores a 24 horas para el control de incendios forestales.<\/p>\n<p class=\"s6\">&#8220;El Sistema Estatal de Protecci\u00f3n Civil gener\u00f3 y migr\u00f3 a un sistema desde el a\u00f1o 2024 que permite formular estrategias de atenci\u00f3n de incendios forestales de manera inmediata y cualquier emergencia grande, en donde los tres \u00f3rdenes de gobierno entran al mismo tiempo y con esto el da\u00f1o es menor y la atenci\u00f3n es mucho m\u00e1s pronta. Llevando a Quer\u00e9taro, con estas acciones, a ser un referente nacional en la atenci\u00f3n de las mismas emergencias, con tiempos de respuesta, en el caso de los incendios forestales, de 24 horas, considerando ya las fases de activaci\u00f3n, an\u00e1lisis y operaci\u00f3n&#8221;, concluy\u00f3.<\/p>\n<p class=\"s6\">\n","protected":false},"excerpt":{"rendered":"<p>En Quer\u00e9taro entendemos que la seguridad es integral y permanente, anticipar riesgos y coordinar respuestas, es nuestra forma de gobernar, afirm\u00f3 el titular del Poder Ejecutivo, Mauricio Kuri Gonz\u00e1lez, durante su participaci\u00f3n en la Primera Sesi\u00f3n Ordinaria del Consejo Estatal de Protecci\u00f3n Civil 2026, acto en el que se aprob\u00f3 la solicitud de Declaratoria de Emergencia en el estado por<\/p>\n<div class=\"h10\"><\/div>\n<p><a class=\"more-link2 flat\" href=\"https:\/\/elconspirador.com.mx\/?p=75214\">Leer m\u00e1s<\/a><\/p>\n","protected":false},"author":1,"featured_media":75215,"comment_status":"open","ping_status":"open","sticky":false,"template":"","format":"standard","meta":{"om_disable_all_campaigns":false,"_uf_show_specific_survey":0,"_uf_disable_surveys":false},"categories":[1],"tags":[],"aioseo_notices":[],"_links":{"self":[{"href":"https:\/\/elconspirador.com.mx\/index.php?rest_route=\/wp\/v2\/posts\/75214"}],"collection":[{"href":"https:\/\/elconspirador.com.mx\/index.php?rest_route=\/wp\/v2\/posts"}],"about":[{"href":"https:\/\/elconspirador.com.mx\/index.php?rest_route=\/wp\/v2\/types\/post"}],"author":[{"embeddable":true,"href":"https:\/\/elconspirador.com.mx\/index.php?rest_route=\/wp\/v2\/users\/1"}],"replies":[{"embeddable":true,"href":"https:\/\/elconspirador.com.mx\/index.php?rest_route=%2Fwp%2Fv2%2Fcomments&post=75214"}],"version-history":[{"count":2,"href":"https:\/\/elconspirador.com.mx\/index.php?rest_route=\/wp\/v2\/posts\/75214\/revisions"}],"predecessor-version":[{"id":75233,"href":"https:\/\/elconspirador.com.mx\/index.php?rest_route=\/wp\/v2\/posts\/75214\/revisions\/75233"}],"wp:featuredmedia":[{"embeddable":true,"href":"https:\/\/elconspirador.com.mx\/index.php?rest_route=\/wp\/v2\/media\/75215"}],"wp:attachment":[{"href":"https:\/\/elconspirador.com.mx\/index.php?rest_route=%2Fwp%2Fv2%2Fmedia&parent=75214"}],"wp:term":[{"taxonomy":"category","embeddable":true,"href":"https:\/\/elconspirador.com.mx\/index.php?rest_route=%2Fwp%2Fv2%2Fcategories&post=75214"},{"taxonomy":"post_tag","embeddable":true,"href":"https:\/\/elconspirador.com.mx\/index.php?rest_route=%2Fwp%2Fv2%2Ftags&post=75214"}],"curies":[{"name":"wp","href":"https:\/\/api.w.org\/{rel}","templated":true}]}}