{"id":75220,"date":"2026-02-27T16:14:17","date_gmt":"2026-02-27T22:14:17","guid":{"rendered":"https:\/\/elconspirador.com.mx\/?p=75220"},"modified":"2026-02-27T16:14:17","modified_gmt":"2026-02-27T22:14:17","slug":"cea-requiere-100-mdp-para-rehabilitacion-de-su-sede","status":"publish","type":"post","link":"https:\/\/elconspirador.com.mx\/?p=75220","title":{"rendered":"CEA REQUIERE 100 MDP PARA REHABILITACI\u00d3N DE SU SEDE"},"content":{"rendered":"<p>La Comisi\u00f3n Estatal del Agua (CEA) requerir\u00e1 una inversi\u00f3n de 100 millones de pesos para la rehabilitaci\u00f3n del inmueble que albergar\u00e1 su nueva sede, confirm\u00f3 su titular, Luis Alberto Vega Ricoy.<\/p>\n<p>El funcionario explic\u00f3 que la dependencia ocupar\u00e1 el edificio que anteriormente fue asignado a la Secretar\u00eda de Seguridad Ciudadana, ubicado en avenida Pie de la Cuesta, por lo que no se contempla la construcci\u00f3n de nuevas instalaciones.<\/p>\n<p>&#8220;Es remodelaci\u00f3n nada m\u00e1s, no se hace edificio nuevo. En caso de que s\u00ed se haga, no se ha licitado; estamos ahorita en la parte de los recursos, pero en caso dado de que as\u00ed sea, ser\u00e1 una remodelaci\u00f3n digna, pero sin derroche econ\u00f3mico&#8221;.<\/p>\n<p>Vega Ricoy precis\u00f3 que actualmente el proyecto se encuentra en la etapa de gesti\u00f3n de recursos, por lo que a\u00fan no se ha iniciado el proceso de licitaci\u00f3n.<\/p>\n<p>Asimismo, indic\u00f3 que, en caso de arrancar la obra este a\u00f1o, no concluir\u00eda en el mismo periodo, sino hasta el siguiente ejercicio fiscal.<\/p>\n<p>&#8220;En caso de que s\u00ed empecemos la obra, no la vamos a terminar este a\u00f1o; ser\u00e1 hasta el pr\u00f3ximo a\u00f1o, pero todo indica que s\u00ed nos vamos a mudar a la zona de Pie de la Cuesta&#8221;.<\/p>\n<p>El titular de la CEA agreg\u00f3 que la mudanza se prev\u00e9 antes de que concluya la presente administraci\u00f3n estatal.<\/p>\n","protected":false},"excerpt":{"rendered":"<p>La Comisi\u00f3n Estatal del Agua (CEA) requerir\u00e1 una inversi\u00f3n de 100 millones de pesos para la rehabilitaci\u00f3n del inmueble que albergar\u00e1 su nueva sede, confirm\u00f3 su titular, Luis Alberto Vega Ricoy. El funcionario explic\u00f3 que la dependencia ocupar\u00e1 el edificio que anteriormente fue asignado a la Secretar\u00eda de Seguridad Ciudadana, ubicado en avenida Pie de la Cuesta, por lo que<\/p>\n<div class=\"h10\"><\/div>\n<p><a class=\"more-link2 flat\" href=\"https:\/\/elconspirador.com.mx\/?p=75220\">Leer m\u00e1s<\/a><\/p>\n","protected":false},"author":1,"featured_media":75221,"comment_status":"open","ping_status":"open","sticky":false,"template":"","format":"standard","meta":{"om_disable_all_campaigns":false,"_uf_show_specific_survey":0,"_uf_disable_surveys":false},"categories":[1],"tags":[],"aioseo_notices":[],"_links":{"self":[{"href":"https:\/\/elconspirador.com.mx\/index.php?rest_route=\/wp\/v2\/posts\/75220"}],"collection":[{"href":"https:\/\/elconspirador.com.mx\/index.php?rest_route=\/wp\/v2\/posts"}],"about":[{"href":"https:\/\/elconspirador.com.mx\/index.php?rest_route=\/wp\/v2\/types\/post"}],"author":[{"embeddable":true,"href":"https:\/\/elconspirador.com.mx\/index.php?rest_route=\/wp\/v2\/users\/1"}],"replies":[{"embeddable":true,"href":"https:\/\/elconspirador.com.mx\/index.php?rest_route=%2Fwp%2Fv2%2Fcomments&post=75220"}],"version-history":[{"count":1,"href":"https:\/\/elconspirador.com.mx\/index.php?rest_route=\/wp\/v2\/posts\/75220\/revisions"}],"predecessor-version":[{"id":75222,"href":"https:\/\/elconspirador.com.mx\/index.php?rest_route=\/wp\/v2\/posts\/75220\/revisions\/75222"}],"wp:featuredmedia":[{"embeddable":true,"href":"https:\/\/elconspirador.com.mx\/index.php?rest_route=\/wp\/v2\/media\/75221"}],"wp:attachment":[{"href":"https:\/\/elconspirador.com.mx\/index.php?rest_route=%2Fwp%2Fv2%2Fmedia&parent=75220"}],"wp:term":[{"taxonomy":"category","embeddable":true,"href":"https:\/\/elconspirador.com.mx\/index.php?rest_route=%2Fwp%2Fv2%2Fcategories&post=75220"},{"taxonomy":"post_tag","embeddable":true,"href":"https:\/\/elconspirador.com.mx\/index.php?rest_route=%2Fwp%2Fv2%2Ftags&post=75220"}],"curies":[{"name":"wp","href":"https:\/\/api.w.org\/{rel}","templated":true}]}}