{"id":75226,"date":"2026-02-27T17:13:19","date_gmt":"2026-02-27T23:13:19","guid":{"rendered":"https:\/\/elconspirador.com.mx\/?p=75226"},"modified":"2026-02-27T17:13:19","modified_gmt":"2026-02-27T23:13:19","slug":"fiscalia-cumple-orden-de-aprehension-por-homicidio","status":"publish","type":"post","link":"https:\/\/elconspirador.com.mx\/?p=75226","title":{"rendered":"FISCAL\u00cdA CUMPLE ORDEN DE APREHENSI\u00d3N POR HOMICIDIO"},"content":{"rendered":"<p>La Fiscal\u00eda General del Estado de Quer\u00e9taro, a trav\u00e9s de la Polic\u00eda de Investigaci\u00f3n del Delito, dio cumplimiento a una orden de aprehensi\u00f3n por el delito de homicidio, en colaboraci\u00f3n con autoridades de la Ciudad de M\u00e9xico.<\/p>\n<p>La detenci\u00f3n se realiz\u00f3, en la colonia Granjas Banth\u00ed, municipio de San Juan del R\u00edo, Quer\u00e9taro.<br \/>\nEl mandato judicial fue emitido por un Juez del Juzgado Penal en la Ciudad de M\u00e9xico, por hechos registrados en junio de 1991, cuando presuntamente priv\u00f3 de la vida a un hombre en la alcald\u00eda Cuauht\u00e9moc.<\/p>\n<p>Tras su localizaci\u00f3n, los elementos de la Polic\u00eda de Investigaci\u00f3n le informaron el motivo de su detenci\u00f3n y le dieron lectura a sus derechos, para posteriormente realizar el traslado a las instalaciones de la Fiscal\u00eda General del Estado de Quer\u00e9taro, donde se llevaron a cabo los tr\u00e1mites correspondientes para su entrega a la Polic\u00eda de Investigaci\u00f3n de la Ciudad de M\u00e9xico.<\/p>\n<p>La Fiscal\u00eda General del Estado refrenda su compromiso de colaborar con autoridades de otras entidades para el cumplimiento de mandamientos judiciales y el combate a la impunidad, sin importar el tiempo transcurrido desde la comisi\u00f3n de los hechos.<\/p>\n","protected":false},"excerpt":{"rendered":"<p>La Fiscal\u00eda General del Estado de Quer\u00e9taro, a trav\u00e9s de la Polic\u00eda de Investigaci\u00f3n del Delito, dio cumplimiento a una orden de aprehensi\u00f3n por el delito de homicidio, en colaboraci\u00f3n con autoridades de la Ciudad de M\u00e9xico. La detenci\u00f3n se realiz\u00f3, en la colonia Granjas Banth\u00ed, municipio de San Juan del R\u00edo, Quer\u00e9taro. El mandato judicial fue emitido por un<\/p>\n<div class=\"h10\"><\/div>\n<p><a class=\"more-link2 flat\" href=\"https:\/\/elconspirador.com.mx\/?p=75226\">Leer m\u00e1s<\/a><\/p>\n","protected":false},"author":1,"featured_media":75227,"comment_status":"open","ping_status":"open","sticky":false,"template":"","format":"standard","meta":{"om_disable_all_campaigns":false,"_uf_show_specific_survey":0,"_uf_disable_surveys":false},"categories":[1],"tags":[],"aioseo_notices":[],"_links":{"self":[{"href":"https:\/\/elconspirador.com.mx\/index.php?rest_route=\/wp\/v2\/posts\/75226"}],"collection":[{"href":"https:\/\/elconspirador.com.mx\/index.php?rest_route=\/wp\/v2\/posts"}],"about":[{"href":"https:\/\/elconspirador.com.mx\/index.php?rest_route=\/wp\/v2\/types\/post"}],"author":[{"embeddable":true,"href":"https:\/\/elconspirador.com.mx\/index.php?rest_route=\/wp\/v2\/users\/1"}],"replies":[{"embeddable":true,"href":"https:\/\/elconspirador.com.mx\/index.php?rest_route=%2Fwp%2Fv2%2Fcomments&post=75226"}],"version-history":[{"count":1,"href":"https:\/\/elconspirador.com.mx\/index.php?rest_route=\/wp\/v2\/posts\/75226\/revisions"}],"predecessor-version":[{"id":75228,"href":"https:\/\/elconspirador.com.mx\/index.php?rest_route=\/wp\/v2\/posts\/75226\/revisions\/75228"}],"wp:featuredmedia":[{"embeddable":true,"href":"https:\/\/elconspirador.com.mx\/index.php?rest_route=\/wp\/v2\/media\/75227"}],"wp:attachment":[{"href":"https:\/\/elconspirador.com.mx\/index.php?rest_route=%2Fwp%2Fv2%2Fmedia&parent=75226"}],"wp:term":[{"taxonomy":"category","embeddable":true,"href":"https:\/\/elconspirador.com.mx\/index.php?rest_route=%2Fwp%2Fv2%2Fcategories&post=75226"},{"taxonomy":"post_tag","embeddable":true,"href":"https:\/\/elconspirador.com.mx\/index.php?rest_route=%2Fwp%2Fv2%2Ftags&post=75226"}],"curies":[{"name":"wp","href":"https:\/\/api.w.org\/{rel}","templated":true}]}}