{"id":75234,"date":"2026-02-27T17:58:24","date_gmt":"2026-02-27T23:58:24","guid":{"rendered":"https:\/\/elconspirador.com.mx\/?p=75234"},"modified":"2026-02-27T17:58:24","modified_gmt":"2026-02-27T23:58:24","slug":"queretaro-conmemora-aniversario-del-centro-de-prevencion-social","status":"publish","type":"post","link":"https:\/\/elconspirador.com.mx\/?p=75234","title":{"rendered":"QUER\u00c9TARO CONMEMORA ANIVERSARIO DEL CENTRO DE PREVENCI\u00d3N SOCIAL"},"content":{"rendered":"<p class=\"s6\"><span class=\"s7\"><span class=\"bumpedFont15\">En Quer\u00e9taro trabajamos todos los d\u00edas para construir una paz social duradera, afirm\u00f3 el gobernador, Mauricio Kuri Gonz\u00e1lez, durante la celebraci\u00f3n del tercer aniversario del Centro de Prevenci\u00f3n Social del Delito y la Violencia en el Estado. El organismo es responsable de dise\u00f1ar, implementar y evaluar pol\u00edticas, programas y estrategias orientadas a reducir los factores de riesgo delictivo y la violencia<\/span><\/span><span class=\"s7\"><span class=\"bumpedFont15\">, en colaboraci\u00f3n con los 18 municipios. <\/span><\/span><\/p>\n<p class=\"s6\">\n<p class=\"s6\"><span class=\"s7\"><span class=\"bumpedFont15\">Desde el <\/span><\/span><span class=\"s7\"><span class=\"bumpedFont15\">Quer\u00e9taro Centro de Congresos (QCC)<\/span><\/span><span class=\"s7\"><span class=\"bumpedFont15\">, el mandatario estatal<\/span><\/span> <span class=\"s7\"><span class=\"bumpedFont15\">resalt\u00f3 que <\/span><\/span><span class=\"s7\"><span class=\"bumpedFont15\">construir la paz es <\/span><\/span><span class=\"s7\"><span class=\"bumpedFont15\">un prop\u00f3sito que se atiende<\/span><\/span><span class=\"s7\"><span class=\"bumpedFont15\"> mediante un modelo de prevenci\u00f3n basado en la participaci\u00f3n comunitaria, que hoy ubica <\/span><\/span><span class=\"s7\"><span class=\"bumpedFont15\">al estado <\/span><\/span><span class=\"s7\"><span class=\"bumpedFont15\">como referente nacional<\/span><\/span><span class=\"s7\"><span class=\"bumpedFont15\">. En tan solo tres a\u00f1os, expuso, <\/span><\/span><span class=\"s7\"><span class=\"bumpedFont15\">este <\/span><\/span><span class=\"s7\"><span class=\"bumpedFont15\">Centro<\/span><\/span> <span class=\"s7\"><span class=\"bumpedFont15\">ha logrado consolidar una pol\u00edtica p\u00fablica de civilidad, que mantiene a Quer\u00e9taro como un <\/span><\/span><span class=\"s7\"><span class=\"bumpedFont15\">lugar <\/span><\/span><span class=\"s7\"><span class=\"bumpedFont15\">distinto y distinguible.<\/span><\/span><\/p>\n<p class=\"s6\">\n<p class=\"s6\"><span class=\"s7\"><span class=\"bumpedFont15\">\u201cUn estado donde nos ocupamos de la detecci\u00f3n y atenci\u00f3n temprana de la violencia y del delito; en el que facilitamos la reinserci\u00f3n c\u00edvica, aplicando el trabajo a favor de la comunidad; en el que cada d\u00eda logramos integrar a m\u00e1s familias en esquemas de convivencia pac\u00edfica; un estado que suma cada d\u00eda a m\u00e1s ciudadan<\/span><\/span><span class=\"s7\"><span class=\"bumpedFont15\">os<\/span><\/span><span class=\"s7\"><span class=\"bumpedFont15\"> y ciudadan<\/span><\/span><span class=\"s7\"><span class=\"bumpedFont15\">as<\/span><\/span><span class=\"s7\"><span class=\"bumpedFont15\">, en la tarea com\u00fan de construir ambientes de paz y de tranquilidad<\/span><\/span><span class=\"s7\"><span class=\"bumpedFont15\">\u201d, apunt\u00f3. <\/span><\/span><\/p>\n<p class=\"s6\">\n<p class=\"s6\"><span class=\"s7\"><span class=\"bumpedFont15\">Los avances y resultados que<\/span><\/span> <span class=\"s7\"><span class=\"bumpedFont15\">han presentado<\/span><\/span> <span class=\"s7\"><span class=\"bumpedFont15\">las autoridades que est\u00e1n al frente del Centro<\/span><\/span><span class=\"s7\"><span class=\"bumpedFont15\">, dijo, <\/span><\/span><span class=\"s7\"><span class=\"bumpedFont15\">no se dan por decreto, <\/span><\/span><span class=\"s7\"><span class=\"bumpedFont15\">se trata de un trabajo <\/span><\/span><span class=\"s7\"><span class=\"bumpedFont15\">alineado al Sistema Nacional de Seguridad P\u00fablica y coordinado con las instancias de seguridad y asistencia social en nuestro estado.<\/span><\/span> <span class=\"s7\"><span class=\"bumpedFont15\">Pero, sobre todo, es un trabajo en campo que <\/span><\/span><span class=\"s7\"><span class=\"bumpedFont15\">se materializa por medio de la planeaci\u00f3n, el servicio profesional de carrera, y la participaci\u00f3n social permanente.<\/span><\/span><\/p>\n<p class=\"s6\">\n<p class=\"s6\"><span class=\"s7\"><span class=\"bumpedFont15\">En este<\/span><\/span><span class=\"s7\"><span class=\"bumpedFont15\"> tenor, reconoci\u00f3 a la directora general <\/span><\/span><span class=\"s7\"><span class=\"bumpedFont15\">del Centro de Prevenci\u00f3n Social del Delito y la Violencia en el Estado de Quer\u00e9taro<\/span><\/span><span class=\"s7\"><span class=\"bumpedFont15\">, <\/span><\/span><span class=\"s7\"><span class=\"bumpedFont15\">Sonia Ang\u00e9lica Col\u00edn Aboytes<\/span><\/span><span class=\"s7\"><span class=\"bumpedFont15\">, as\u00ed como <\/span><\/span><span class=\"s7\"><span class=\"bumpedFont15\">a todo su equipo<\/span><\/span><span class=\"s7\"><span class=\"bumpedFont15\">,<\/span><\/span><span class=\"s7\"><span class=\"bumpedFont15\"> por estos <\/span><\/span><span class=\"s7\"><span class=\"bumpedFont15\">primeros tres a\u00f1os de un trabajo eficaz y acreditado.<\/span><\/span><\/p>\n<p class=\"s6\">\n<p class=\"s6\"><span class=\"s7\"><span class=\"bumpedFont15\">Kuri Gonz\u00e1lez destac\u00f3 r<\/span><\/span><span class=\"s7\"><span class=\"bumpedFont15\">esultados como el monto de reparaci\u00f3n del da\u00f1o,<\/span><\/span> <span class=\"s7\"><span class=\"bumpedFont15\">a favor de las v\u00edctimas del delito;<\/span><\/span><span class=\"s7\"><span class=\"bumpedFont15\"> la <\/span><\/span><span class=\"s7\"><span class=\"bumpedFont15\">aplicaci\u00f3n de horas de trabajo a favor de la comunidad;<\/span><\/span><span class=\"s7\"><span class=\"bumpedFont15\"> la<\/span><\/span><span class=\"s7\"><span class=\"bumpedFont15\">colaboraci\u00f3n efectiva con la polic\u00eda queretana;<\/span><\/span><span class=\"s7\"><span class=\"bumpedFont15\"> la <\/span><\/span><span class=\"s7\"><span class=\"bumpedFont15\">integraci\u00f3n de alianzas y redes ciudadanas<\/span><\/span><span class=\"s7\"><span class=\"bumpedFont15\">; as\u00ed<\/span><\/span><span class=\"s7\"><span class=\"bumpedFont15\"> como la construcci\u00f3n de una cultura de civismo, paz y legalidad en Quer\u00e9taro.<\/span><\/span><\/p>\n<p class=\"s6\">\n<p class=\"s6\"><span class=\"s7\"><span class=\"bumpedFont15\">El Gobernador <\/span><\/span><span class=\"s7\"><span class=\"bumpedFont15\">entreg\u00f3 de manera simb\u00f3lica 10 nombramientos <\/span><\/span><span class=\"s7\"><span class=\"bumpedFont15\">a los integrantes del Servicio Profesional de Carrera<\/span><\/span><span class=\"s7\"><span class=\"bumpedFont15\">, a quienes <\/span><\/span><span class=\"s7\"><span class=\"bumpedFont15\">invit\u00f3 <\/span><\/span><span class=\"s7\"><span class=\"bumpedFont15\">a mantener este rumbo institucional: con transparencia, rendici\u00f3n de cuentas<\/span><\/span><span class=\"s7\"><span class=\"bumpedFont15\"> y <\/span><\/span><span class=\"s7\"><span class=\"bumpedFont15\">resultados que fortale<\/span><\/span><span class=\"s7\"><span class=\"bumpedFont15\">zcan<\/span><\/span><span class=\"s7\"><span class=\"bumpedFont15\"> la paz social en Quer\u00e9taro.<\/span><\/span><\/p>\n<p class=\"s6\">\n<p class=\"s6\"><span class=\"s7\"><span class=\"bumpedFont15\">La directora <\/span><\/span><span class=\"s7\"><span class=\"bumpedFont15\">general <\/span><\/span><span class=\"s7\"><span class=\"bumpedFont15\">del Centro de Prevenci\u00f3n Social del Delito y la Violencia en el Estado de Quer\u00e9taro<\/span><\/span><span class=\"s7\"><span class=\"bumpedFont15\">, <\/span><\/span><span class=\"s7\"><span class=\"bumpedFont15\">Sonia Ang\u00e9lica Col\u00edn Aboytes<\/span><\/span><span class=\"s7\"><span class=\"bumpedFont15\">, <\/span><\/span><span class=\"s7\"><span class=\"bumpedFont15\">present\u00f3 los resultados<\/span><\/span><span class=\"s7\"><span class=\"bumpedFont15\"> obtenidos <\/span><\/span><span class=\"s7\"><span class=\"bumpedFont15\">durante 2025, <\/span><\/span><span class=\"s7\"><span class=\"bumpedFont15\">entre los que destac\u00f3 <\/span><\/span><span class=\"s7\"><span class=\"bumpedFont15\">que la entidad es la \u00fanica en el pa\u00eds que cuenta con <\/span><\/span><span class=\"s7\"><span class=\"bumpedFont15\">una Direcci\u00f3n de Mecanismos Alternativos <\/span><\/span><span class=\"s7\"><span class=\"bumpedFont15\">de Soluci\u00f3n de Controversias y Conflictos. <\/span><\/span><\/p>\n<p class=\"s6\">\n<p class=\"s6\"><span class=\"s7\"><span class=\"bumpedFont15\">\u201cDesde<\/span><\/span><span class=\"s7\"><span class=\"bumpedFont15\"> que se cre\u00f3 la Direcci\u00f3n de Mecanismos Alternativos ha habido una reparaci\u00f3n del da\u00f1o de m\u00e1s de mil 92 millones de pesos. Mil gracias a la Direcci\u00f3n de Mecanismos Alternativos, un <\/span><\/span><span class=\"s7\"><span class=\"bumpedFont15\">aplauso, porque<\/span><\/span><span class=\"s7\"><span class=\"bumpedFont15\"> este dinero se va directamente a las v\u00edctimas <\/span><\/span><span class=\"s7\"><span class=\"bumpedFont15\">u<\/span><\/span><span class=\"s7\"><span class=\"bumpedFont15\"> ofendidos del delito<\/span><\/span><span class=\"s7\"><span class=\"bumpedFont15\">\u201d, subray\u00f3. <\/span><\/span><\/p>\n<p class=\"s6\">\n<p class=\"s6\"><span class=\"s7\"><span class=\"bumpedFont15\">Col\u00edn Aboytes agradeci\u00f3 la colaboraci\u00f3n de las <\/span><\/span><span class=\"s7\"><span class=\"bumpedFont15\">autoridades estatales y <\/span><\/span><span class=\"s7\"><span class=\"bumpedFont15\">municipales<\/span><\/span><span class=\"s7\"><span class=\"bumpedFont15\">;<\/span><\/span> <span class=\"s7\"><span class=\"bumpedFont15\">asimismo, destac\u00f3 el trabajo coordinado de representantes de otros organismos, entre ellos Marisol Kuri y Adolfo R\u00edos, as\u00ed como la participaci\u00f3n comprometida de ciudadanas y ciudadanos, cuyo esfuerzo ha fortalecido las acciones transversales en materia de prevenci\u00f3n social, justicia alternativa y justicia c\u00edvica.<\/span><\/span><\/p>\n","protected":false},"excerpt":{"rendered":"<p>En Quer\u00e9taro trabajamos todos los d\u00edas para construir una paz social duradera, afirm\u00f3 el gobernador, Mauricio Kuri Gonz\u00e1lez, durante la celebraci\u00f3n del tercer aniversario del Centro de Prevenci\u00f3n Social del Delito y la Violencia en el Estado. El organismo es responsable de dise\u00f1ar, implementar y evaluar pol\u00edticas, programas y estrategias orientadas a reducir los factores de riesgo delictivo y la<\/p>\n<div class=\"h10\"><\/div>\n<p><a class=\"more-link2 flat\" href=\"https:\/\/elconspirador.com.mx\/?p=75234\">Leer m\u00e1s<\/a><\/p>\n","protected":false},"author":1,"featured_media":75237,"comment_status":"open","ping_status":"open","sticky":false,"template":"","format":"standard","meta":{"om_disable_all_campaigns":false,"_uf_show_specific_survey":0,"_uf_disable_surveys":false},"categories":[1],"tags":[],"aioseo_notices":[],"_links":{"self":[{"href":"https:\/\/elconspirador.com.mx\/index.php?rest_route=\/wp\/v2\/posts\/75234"}],"collection":[{"href":"https:\/\/elconspirador.com.mx\/index.php?rest_route=\/wp\/v2\/posts"}],"about":[{"href":"https:\/\/elconspirador.com.mx\/index.php?rest_route=\/wp\/v2\/types\/post"}],"author":[{"embeddable":true,"href":"https:\/\/elconspirador.com.mx\/index.php?rest_route=\/wp\/v2\/users\/1"}],"replies":[{"embeddable":true,"href":"https:\/\/elconspirador.com.mx\/index.php?rest_route=%2Fwp%2Fv2%2Fcomments&post=75234"}],"version-history":[{"count":1,"href":"https:\/\/elconspirador.com.mx\/index.php?rest_route=\/wp\/v2\/posts\/75234\/revisions"}],"predecessor-version":[{"id":75239,"href":"https:\/\/elconspirador.com.mx\/index.php?rest_route=\/wp\/v2\/posts\/75234\/revisions\/75239"}],"wp:featuredmedia":[{"embeddable":true,"href":"https:\/\/elconspirador.com.mx\/index.php?rest_route=\/wp\/v2\/media\/75237"}],"wp:attachment":[{"href":"https:\/\/elconspirador.com.mx\/index.php?rest_route=%2Fwp%2Fv2%2Fmedia&parent=75234"}],"wp:term":[{"taxonomy":"category","embeddable":true,"href":"https:\/\/elconspirador.com.mx\/index.php?rest_route=%2Fwp%2Fv2%2Fcategories&post=75234"},{"taxonomy":"post_tag","embeddable":true,"href":"https:\/\/elconspirador.com.mx\/index.php?rest_route=%2Fwp%2Fv2%2Ftags&post=75234"}],"curies":[{"name":"wp","href":"https:\/\/api.w.org\/{rel}","templated":true}]}}