{"id":75250,"date":"2026-02-28T12:12:03","date_gmt":"2026-02-28T18:12:03","guid":{"rendered":"https:\/\/elconspirador.com.mx\/?p=75250"},"modified":"2026-02-28T12:12:03","modified_gmt":"2026-02-28T18:12:03","slug":"detenido-en-amealco-queria-vender-un-arma-por-redes-sociales","status":"publish","type":"post","link":"https:\/\/elconspirador.com.mx\/?p=75250","title":{"rendered":"DETENIDO EN AMEALCO\u2026 QUER\u00cdA VENDER UN ARMA POR REDES SOCIALES"},"content":{"rendered":"<p>Derivado de las labores permanentes de patrullaje cibern\u00e9tico y an\u00e1lisis de informaci\u00f3n en redes sociales, la Polic\u00eda Estatal detect\u00f3 la presunta comercializaci\u00f3n il\u00edcita de un arma de fuego.<\/p>\n<p>Personal policial realiz\u00f3 una intervenci\u00f3n operativa en el municipio de Amealco, despleg\u00e1ndose un dispositivo en campo que permiti\u00f3 ubicar al probable responsable.<\/p>\n<p>Durante la actuaci\u00f3n policial se asegur\u00f3 un arma de fuego sin licencia con cartuchos \u00fatiles y se realiz\u00f3 la detenci\u00f3n correspondiente; la autoridad competente dar\u00e1 continuidad a las investigaciones.<\/p>\n","protected":false},"excerpt":{"rendered":"<p>Derivado de las labores permanentes de patrullaje cibern\u00e9tico y an\u00e1lisis de informaci\u00f3n en redes sociales, la Polic\u00eda Estatal detect\u00f3 la presunta comercializaci\u00f3n il\u00edcita de un arma de fuego. Personal policial realiz\u00f3 una intervenci\u00f3n operativa en el municipio de Amealco, despleg\u00e1ndose un dispositivo en campo que permiti\u00f3 ubicar al probable responsable. Durante la actuaci\u00f3n policial se asegur\u00f3 un arma de fuego<\/p>\n<div class=\"h10\"><\/div>\n<p><a class=\"more-link2 flat\" href=\"https:\/\/elconspirador.com.mx\/?p=75250\">Leer m\u00e1s<\/a><\/p>\n","protected":false},"author":1,"featured_media":75251,"comment_status":"open","ping_status":"open","sticky":false,"template":"","format":"standard","meta":{"om_disable_all_campaigns":false,"_uf_show_specific_survey":0,"_uf_disable_surveys":false},"categories":[1],"tags":[],"aioseo_notices":[],"_links":{"self":[{"href":"https:\/\/elconspirador.com.mx\/index.php?rest_route=\/wp\/v2\/posts\/75250"}],"collection":[{"href":"https:\/\/elconspirador.com.mx\/index.php?rest_route=\/wp\/v2\/posts"}],"about":[{"href":"https:\/\/elconspirador.com.mx\/index.php?rest_route=\/wp\/v2\/types\/post"}],"author":[{"embeddable":true,"href":"https:\/\/elconspirador.com.mx\/index.php?rest_route=\/wp\/v2\/users\/1"}],"replies":[{"embeddable":true,"href":"https:\/\/elconspirador.com.mx\/index.php?rest_route=%2Fwp%2Fv2%2Fcomments&post=75250"}],"version-history":[{"count":1,"href":"https:\/\/elconspirador.com.mx\/index.php?rest_route=\/wp\/v2\/posts\/75250\/revisions"}],"predecessor-version":[{"id":75252,"href":"https:\/\/elconspirador.com.mx\/index.php?rest_route=\/wp\/v2\/posts\/75250\/revisions\/75252"}],"wp:featuredmedia":[{"embeddable":true,"href":"https:\/\/elconspirador.com.mx\/index.php?rest_route=\/wp\/v2\/media\/75251"}],"wp:attachment":[{"href":"https:\/\/elconspirador.com.mx\/index.php?rest_route=%2Fwp%2Fv2%2Fmedia&parent=75250"}],"wp:term":[{"taxonomy":"category","embeddable":true,"href":"https:\/\/elconspirador.com.mx\/index.php?rest_route=%2Fwp%2Fv2%2Fcategories&post=75250"},{"taxonomy":"post_tag","embeddable":true,"href":"https:\/\/elconspirador.com.mx\/index.php?rest_route=%2Fwp%2Fv2%2Ftags&post=75250"}],"curies":[{"name":"wp","href":"https:\/\/api.w.org\/{rel}","templated":true}]}}