{"id":75275,"date":"2026-03-01T19:15:25","date_gmt":"2026-03-02T01:15:25","guid":{"rendered":"https:\/\/elconspirador.com.mx\/?p=75275"},"modified":"2026-03-01T19:15:25","modified_gmt":"2026-03-02T01:15:25","slug":"mas-de-9-mil-personas-participan-en-carrera-por-la-familia","status":"publish","type":"post","link":"https:\/\/elconspirador.com.mx\/?p=75275","title":{"rendered":"M\u00c1S DE 9 MIL PERSONAS PARTICIPAN EN CARRERA POR LA FAMILIA"},"content":{"rendered":"<p>El presidente municipal de El Marqu\u00e9s, Rodrigo Monsalvo Castel\u00e1n, acudi\u00f3 a los eventos realizados en La Ca\u00f1ada con motivo de la 2\u00aa Carrera Yo Corro por la Familia, los cuales registraron una participaci\u00f3n de m\u00e1s de 9 mil personas del municipio, as\u00ed como visitantes de otras demarcaciones.<\/p>\n<p>Estas acciones, impulsadas por el Instituto Municipal para la Prevenci\u00f3n y Atenci\u00f3n de Conductas de Riesgo, Centro Vive, buscan fortalecer un entorno sano que permita a ni\u00f1as, ni\u00f1os, j\u00f3venes y adultos desarrollarse de manera plena.<\/p>\n<p>Durante el evento, se llevaron a cabo ocho actividades recreativas y formativas orientadas a fortalecer la convivencia y la integraci\u00f3n en un entorno que favorezca la reconstrucci\u00f3n del tejido social.<\/p>\n<p>Como parte de dichas actividades, se llev\u00f3 a cabo la 2\u00aa Carrera Yo Corro por la Familia, espacio en el que participaron m\u00e1s de tres mil corredores de diversas edades en las modalidades 5 y 10 kil\u00f3metros varonil y femenil. Adem\u00e1s, para incentivar la participaci\u00f3n de la ciudadan\u00eda, se destin\u00f3 una bolsa de 72 mil pesos para premiar a los primeros lugares.<\/p>\n<p>Sumado a lo anterior, como parte de las actividades se present\u00f3 una funci\u00f3n de lucha libre que permiti\u00f3 a ni\u00f1os y j\u00f3venes acercarse a los luchadores profesionales, tomarse fotograf\u00edas y recibir aut\u00f3grafos en un ambiente de sana convivencia.<\/p>\n<p>Con este tipo de actividades, la administraci\u00f3n municipal de El Marqu\u00e9s, encabezada por Rodrigo Monsalvo, reafirma su compromiso por impulsar espacios que fortalezcan la transmisi\u00f3n de los valores familiares y promuevan el desarrollo integral de la poblaci\u00f3n.<\/p>\n","protected":false},"excerpt":{"rendered":"<p>El presidente municipal de El Marqu\u00e9s, Rodrigo Monsalvo Castel\u00e1n, acudi\u00f3 a los eventos realizados en La Ca\u00f1ada con motivo de la 2\u00aa Carrera Yo Corro por la Familia, los cuales registraron una participaci\u00f3n de m\u00e1s de 9 mil personas del municipio, as\u00ed como visitantes de otras demarcaciones. Estas acciones, impulsadas por el Instituto Municipal para la Prevenci\u00f3n y Atenci\u00f3n de<\/p>\n<div class=\"h10\"><\/div>\n<p><a class=\"more-link2 flat\" href=\"https:\/\/elconspirador.com.mx\/?p=75275\">Leer m\u00e1s<\/a><\/p>\n","protected":false},"author":1,"featured_media":75276,"comment_status":"open","ping_status":"open","sticky":false,"template":"","format":"standard","meta":{"om_disable_all_campaigns":false,"_uf_show_specific_survey":0,"_uf_disable_surveys":false},"categories":[1],"tags":[],"aioseo_notices":[],"_links":{"self":[{"href":"https:\/\/elconspirador.com.mx\/index.php?rest_route=\/wp\/v2\/posts\/75275"}],"collection":[{"href":"https:\/\/elconspirador.com.mx\/index.php?rest_route=\/wp\/v2\/posts"}],"about":[{"href":"https:\/\/elconspirador.com.mx\/index.php?rest_route=\/wp\/v2\/types\/post"}],"author":[{"embeddable":true,"href":"https:\/\/elconspirador.com.mx\/index.php?rest_route=\/wp\/v2\/users\/1"}],"replies":[{"embeddable":true,"href":"https:\/\/elconspirador.com.mx\/index.php?rest_route=%2Fwp%2Fv2%2Fcomments&post=75275"}],"version-history":[{"count":1,"href":"https:\/\/elconspirador.com.mx\/index.php?rest_route=\/wp\/v2\/posts\/75275\/revisions"}],"predecessor-version":[{"id":75277,"href":"https:\/\/elconspirador.com.mx\/index.php?rest_route=\/wp\/v2\/posts\/75275\/revisions\/75277"}],"wp:featuredmedia":[{"embeddable":true,"href":"https:\/\/elconspirador.com.mx\/index.php?rest_route=\/wp\/v2\/media\/75276"}],"wp:attachment":[{"href":"https:\/\/elconspirador.com.mx\/index.php?rest_route=%2Fwp%2Fv2%2Fmedia&parent=75275"}],"wp:term":[{"taxonomy":"category","embeddable":true,"href":"https:\/\/elconspirador.com.mx\/index.php?rest_route=%2Fwp%2Fv2%2Fcategories&post=75275"},{"taxonomy":"post_tag","embeddable":true,"href":"https:\/\/elconspirador.com.mx\/index.php?rest_route=%2Fwp%2Fv2%2Ftags&post=75275"}],"curies":[{"name":"wp","href":"https:\/\/api.w.org\/{rel}","templated":true}]}}