{"id":75287,"date":"2026-03-02T18:14:57","date_gmt":"2026-03-03T00:14:57","guid":{"rendered":"https:\/\/elconspirador.com.mx\/?p=75287"},"modified":"2026-03-02T18:14:57","modified_gmt":"2026-03-03T00:14:57","slug":"detienen-a-dos-por-robo","status":"publish","type":"post","link":"https:\/\/elconspirador.com.mx\/?p=75287","title":{"rendered":"DETIENEN A DOS POR ROBO"},"content":{"rendered":"<p>La Fiscal\u00eda General del Estado de Quer\u00e9taro logr\u00f3 la vinculaci\u00f3n a proceso de dos hombres por su probable autor\u00eda en el delito de robo, cometido en la capital del estado.<\/p>\n<p>Los hechos ocurrieron el pasado 05 de febrero del a\u00f1o en curso, cuando los imputados fueron sorprendidos por elementos policiales mientras cortaban cableado correspondiente al alumbrado p\u00fablico, utilizando un machete y unas pinzas.<\/p>\n<p>Al ser detectados en el momento en que realizaban la conducta, fueron detenidos con el apoyo de la Secretar\u00eda de Seguridad Publica Municipal de Quer\u00e9taro.<\/p>\n<p>En audiencia inicial, el Juez de Control resolvi\u00f3 vincularlos a proceso por el delito de robo simple, imponiendo la medida cautelar de prisi\u00f3n preventiva justificada y otorgando un plazo de dos meses para la investigaci\u00f3n complementaria.<\/p>\n","protected":false},"excerpt":{"rendered":"<p>La Fiscal\u00eda General del Estado de Quer\u00e9taro logr\u00f3 la vinculaci\u00f3n a proceso de dos hombres por su probable autor\u00eda en el delito de robo, cometido en la capital del estado. Los hechos ocurrieron el pasado 05 de febrero del a\u00f1o en curso, cuando los imputados fueron sorprendidos por elementos policiales mientras cortaban cableado correspondiente al alumbrado p\u00fablico, utilizando un machete<\/p>\n<div class=\"h10\"><\/div>\n<p><a class=\"more-link2 flat\" href=\"https:\/\/elconspirador.com.mx\/?p=75287\">Leer m\u00e1s<\/a><\/p>\n","protected":false},"author":1,"featured_media":75288,"comment_status":"open","ping_status":"open","sticky":false,"template":"","format":"standard","meta":{"om_disable_all_campaigns":false,"_uf_show_specific_survey":0,"_uf_disable_surveys":false},"categories":[1],"tags":[],"aioseo_notices":[],"_links":{"self":[{"href":"https:\/\/elconspirador.com.mx\/index.php?rest_route=\/wp\/v2\/posts\/75287"}],"collection":[{"href":"https:\/\/elconspirador.com.mx\/index.php?rest_route=\/wp\/v2\/posts"}],"about":[{"href":"https:\/\/elconspirador.com.mx\/index.php?rest_route=\/wp\/v2\/types\/post"}],"author":[{"embeddable":true,"href":"https:\/\/elconspirador.com.mx\/index.php?rest_route=\/wp\/v2\/users\/1"}],"replies":[{"embeddable":true,"href":"https:\/\/elconspirador.com.mx\/index.php?rest_route=%2Fwp%2Fv2%2Fcomments&post=75287"}],"version-history":[{"count":1,"href":"https:\/\/elconspirador.com.mx\/index.php?rest_route=\/wp\/v2\/posts\/75287\/revisions"}],"predecessor-version":[{"id":75289,"href":"https:\/\/elconspirador.com.mx\/index.php?rest_route=\/wp\/v2\/posts\/75287\/revisions\/75289"}],"wp:featuredmedia":[{"embeddable":true,"href":"https:\/\/elconspirador.com.mx\/index.php?rest_route=\/wp\/v2\/media\/75288"}],"wp:attachment":[{"href":"https:\/\/elconspirador.com.mx\/index.php?rest_route=%2Fwp%2Fv2%2Fmedia&parent=75287"}],"wp:term":[{"taxonomy":"category","embeddable":true,"href":"https:\/\/elconspirador.com.mx\/index.php?rest_route=%2Fwp%2Fv2%2Fcategories&post=75287"},{"taxonomy":"post_tag","embeddable":true,"href":"https:\/\/elconspirador.com.mx\/index.php?rest_route=%2Fwp%2Fv2%2Ftags&post=75287"}],"curies":[{"name":"wp","href":"https:\/\/api.w.org\/{rel}","templated":true}]}}