{"id":75293,"date":"2026-03-02T19:15:37","date_gmt":"2026-03-03T01:15:37","guid":{"rendered":"https:\/\/elconspirador.com.mx\/?p=75293"},"modified":"2026-03-02T19:15:37","modified_gmt":"2026-03-03T01:15:37","slug":"queretaro-quiere-ser-sede-del-mundial-femenil","status":"publish","type":"post","link":"https:\/\/elconspirador.com.mx\/?p=75293","title":{"rendered":"QUER\u00c9TARO QUIERE SER SEDE DEL MUNDIAL FEMENIL"},"content":{"rendered":"<p>El estado de Quer\u00e9taro levant\u00f3 la mano para ser sede de una pr\u00f3xima Copa del Mundo Femenil, confirm\u00f3 la oficial mayor del gobierno estatal, Linda Luna Rangel.<\/p>\n<p>La funcionaria explic\u00f3 que la entidad ha manifestado formalmente su inter\u00e9s ante las autoridades correspondientes, confiando en las condiciones de seguridad que se demostraron durante el pasado partido de la selecci\u00f3n mexicana en el estadio Corregidora.<\/p>\n<p>&#8220;Estamos levantando la mano para poder ser sede del mundial femenil, que a\u00fan faltan a\u00f1os para que sea eso; pero va a ser sede Quer\u00e9taro del mundial y esperemos en pr\u00f3ximas fechas estarlo anunciando&#8221;.<\/p>\n<p>Luna Rangel agreg\u00f3 que tambi\u00e9n se plante\u00f3 a la Federaci\u00f3n Mexicana de Futbol la posibilidad de que Quer\u00e9taro pudiera fungir como sede alterna para el Mundial de este a\u00f1o, derivado de la situaci\u00f3n de inseguridad que enfrenta el estado de Jalisco.<\/p>\n<p>No obstante, reconoci\u00f3 que el estadio Akron, en Jalisco, cuenta con mayor capacidad que el estadio Corregidora para albergar encuentros mundialistas.<\/p>\n<p>&#8220;S\u00ed se levant\u00f3 la mano para ser sede del mundial. Evidentemente las posiciones del estadio Acron completamente diferentes al estadio Corregidora&#8221;.<\/p>\n<p>Finalmente, reiter\u00f3 que el gobierno estatal continuar\u00e1 realizando gestiones para que Quer\u00e9taro pueda albergar eventos deportivos de talla internacional.<\/p>\n","protected":false},"excerpt":{"rendered":"<p>El estado de Quer\u00e9taro levant\u00f3 la mano para ser sede de una pr\u00f3xima Copa del Mundo Femenil, confirm\u00f3 la oficial mayor del gobierno estatal, Linda Luna Rangel. La funcionaria explic\u00f3 que la entidad ha manifestado formalmente su inter\u00e9s ante las autoridades correspondientes, confiando en las condiciones de seguridad que se demostraron durante el pasado partido de la selecci\u00f3n mexicana en<\/p>\n<div class=\"h10\"><\/div>\n<p><a class=\"more-link2 flat\" href=\"https:\/\/elconspirador.com.mx\/?p=75293\">Leer m\u00e1s<\/a><\/p>\n","protected":false},"author":1,"featured_media":75294,"comment_status":"open","ping_status":"open","sticky":false,"template":"","format":"standard","meta":{"om_disable_all_campaigns":false,"_uf_show_specific_survey":0,"_uf_disable_surveys":false},"categories":[1],"tags":[],"aioseo_notices":[],"_links":{"self":[{"href":"https:\/\/elconspirador.com.mx\/index.php?rest_route=\/wp\/v2\/posts\/75293"}],"collection":[{"href":"https:\/\/elconspirador.com.mx\/index.php?rest_route=\/wp\/v2\/posts"}],"about":[{"href":"https:\/\/elconspirador.com.mx\/index.php?rest_route=\/wp\/v2\/types\/post"}],"author":[{"embeddable":true,"href":"https:\/\/elconspirador.com.mx\/index.php?rest_route=\/wp\/v2\/users\/1"}],"replies":[{"embeddable":true,"href":"https:\/\/elconspirador.com.mx\/index.php?rest_route=%2Fwp%2Fv2%2Fcomments&post=75293"}],"version-history":[{"count":1,"href":"https:\/\/elconspirador.com.mx\/index.php?rest_route=\/wp\/v2\/posts\/75293\/revisions"}],"predecessor-version":[{"id":75295,"href":"https:\/\/elconspirador.com.mx\/index.php?rest_route=\/wp\/v2\/posts\/75293\/revisions\/75295"}],"wp:featuredmedia":[{"embeddable":true,"href":"https:\/\/elconspirador.com.mx\/index.php?rest_route=\/wp\/v2\/media\/75294"}],"wp:attachment":[{"href":"https:\/\/elconspirador.com.mx\/index.php?rest_route=%2Fwp%2Fv2%2Fmedia&parent=75293"}],"wp:term":[{"taxonomy":"category","embeddable":true,"href":"https:\/\/elconspirador.com.mx\/index.php?rest_route=%2Fwp%2Fv2%2Fcategories&post=75293"},{"taxonomy":"post_tag","embeddable":true,"href":"https:\/\/elconspirador.com.mx\/index.php?rest_route=%2Fwp%2Fv2%2Ftags&post=75293"}],"curies":[{"name":"wp","href":"https:\/\/api.w.org\/{rel}","templated":true}]}}