{"id":75297,"date":"2026-03-02T19:44:25","date_gmt":"2026-03-03T01:44:25","guid":{"rendered":"https:\/\/elconspirador.com.mx\/?p=75297"},"modified":"2026-03-02T19:44:25","modified_gmt":"2026-03-03T01:44:25","slug":"localizan-dos-brotes-de-sarampion","status":"publish","type":"post","link":"https:\/\/elconspirador.com.mx\/?p=75297","title":{"rendered":"LOCALIZAN DOS BROTES DE SARAMPI\u00d3N"},"content":{"rendered":"<p>La secretaria de Salud del estado, Martina P\u00e9rez Rend\u00f3n, confirm\u00f3 la detecci\u00f3n de dos brotes de sarampi\u00f3n en familias de Quer\u00e9taro, en un contexto donde los casos acumulados ya ascienden a 22 en lo que va del a\u00f1o.<\/p>\n<p>La funcionaria explic\u00f3 que, aunque se ha registrado transmisi\u00f3n al interior de n\u00facleos familiares, hasta el momento no se ha extendido de manera comunitaria.<\/p>\n<p>&#8220;Aunque ya hemos tenido transmisi\u00f3n dentro de las familias, hay dos peque\u00f1os brotes, por decirlo as\u00ed, no se ha extendido a la comunidad&#8221;.<\/p>\n<p>Indic\u00f3 que, ante el incremento de contagios en las \u00faltimas semanas, las autoridades sanitarias mantienen activa la vigilancia epidemiol\u00f3gica, as\u00ed como las jornadas de vacunaci\u00f3n en todo el estado.<\/p>\n<p>&#8220;Con \u00e9nfasis en los menores de 2 a\u00f1os; por supuesto, los de 3 a 49, que ya hemos compartido, se podr\u00e1n estar vacunando, pero hacemos \u00e9nfasis en este grupo de edad porque es el m\u00e1s afectado&#8221;.<\/p>\n<p>Finalmente, reiter\u00f3 el llamado a padres y madres de familia para revisar las cartillas de vacunaci\u00f3n y acudir a los centros de salud en caso de no contar con el esquema completo, a fin de prevenir nuevos contagios.<\/p>\n","protected":false},"excerpt":{"rendered":"<p>La secretaria de Salud del estado, Martina P\u00e9rez Rend\u00f3n, confirm\u00f3 la detecci\u00f3n de dos brotes de sarampi\u00f3n en familias de Quer\u00e9taro, en un contexto donde los casos acumulados ya ascienden a 22 en lo que va del a\u00f1o. La funcionaria explic\u00f3 que, aunque se ha registrado transmisi\u00f3n al interior de n\u00facleos familiares, hasta el momento no se ha extendido de<\/p>\n<div class=\"h10\"><\/div>\n<p><a class=\"more-link2 flat\" href=\"https:\/\/elconspirador.com.mx\/?p=75297\">Leer m\u00e1s<\/a><\/p>\n","protected":false},"author":1,"featured_media":75299,"comment_status":"open","ping_status":"open","sticky":false,"template":"","format":"standard","meta":{"om_disable_all_campaigns":false,"_uf_show_specific_survey":0,"_uf_disable_surveys":false},"categories":[1],"tags":[],"aioseo_notices":[],"_links":{"self":[{"href":"https:\/\/elconspirador.com.mx\/index.php?rest_route=\/wp\/v2\/posts\/75297"}],"collection":[{"href":"https:\/\/elconspirador.com.mx\/index.php?rest_route=\/wp\/v2\/posts"}],"about":[{"href":"https:\/\/elconspirador.com.mx\/index.php?rest_route=\/wp\/v2\/types\/post"}],"author":[{"embeddable":true,"href":"https:\/\/elconspirador.com.mx\/index.php?rest_route=\/wp\/v2\/users\/1"}],"replies":[{"embeddable":true,"href":"https:\/\/elconspirador.com.mx\/index.php?rest_route=%2Fwp%2Fv2%2Fcomments&post=75297"}],"version-history":[{"count":1,"href":"https:\/\/elconspirador.com.mx\/index.php?rest_route=\/wp\/v2\/posts\/75297\/revisions"}],"predecessor-version":[{"id":75300,"href":"https:\/\/elconspirador.com.mx\/index.php?rest_route=\/wp\/v2\/posts\/75297\/revisions\/75300"}],"wp:featuredmedia":[{"embeddable":true,"href":"https:\/\/elconspirador.com.mx\/index.php?rest_route=\/wp\/v2\/media\/75299"}],"wp:attachment":[{"href":"https:\/\/elconspirador.com.mx\/index.php?rest_route=%2Fwp%2Fv2%2Fmedia&parent=75297"}],"wp:term":[{"taxonomy":"category","embeddable":true,"href":"https:\/\/elconspirador.com.mx\/index.php?rest_route=%2Fwp%2Fv2%2Fcategories&post=75297"},{"taxonomy":"post_tag","embeddable":true,"href":"https:\/\/elconspirador.com.mx\/index.php?rest_route=%2Fwp%2Fv2%2Ftags&post=75297"}],"curies":[{"name":"wp","href":"https:\/\/api.w.org\/{rel}","templated":true}]}}