{"id":75307,"date":"2026-03-02T17:32:16","date_gmt":"2026-03-02T23:32:16","guid":{"rendered":"https:\/\/elconspirador.com.mx\/?p=75307"},"modified":"2026-03-02T17:32:16","modified_gmt":"2026-03-02T23:32:16","slug":"aumento-71-varicela-en-queretaro","status":"publish","type":"post","link":"https:\/\/elconspirador.com.mx\/?p=75307","title":{"rendered":"AUMENTO 71% VARICELA EN QUER\u00c9TARO"},"content":{"rendered":"<p>La secretaria de Salud del estado, Martina P\u00e9rez Rend\u00f3n, inform\u00f3 que en Quer\u00e9taro los casos de varicela se han incrementado hasta en un 71 por ciento en comparaci\u00f3n con el a\u00f1o pasado.<\/p>\n<p>Detall\u00f3 que, en lo que va del a\u00f1o, se han registrado 168 casos en la entidad, aunque precis\u00f3 que la vacuna contra esta enfermedad no forma parte del esquema b\u00e1sico de vacunaci\u00f3n.<\/p>\n<p>\u201cVaricela no es una enfermedad que est\u00e9 dentro del esquema b\u00e1sico de protecci\u00f3n para la vacunaci\u00f3n; s\u00ed es una enfermedad prevenible por vacunaci\u00f3n, pero no la aplicamos de manera abierta\u201d.<\/p>\n<p>La funcionaria se\u00f1al\u00f3 que hay a\u00f1os en los que el sector salud no recibe dosis de esta vacuna y record\u00f3 que, en ocasiones anteriores, se realizaron compras estatales para contar con biol\u00f3gicos.<\/p>\n<p>En cuanto a las causas del aumento de contagios, indic\u00f3 que podr\u00eda estar relacionado con las altas temperaturas.<\/p>\n<p>\u201cLa explicaci\u00f3n pudiera ser el incremento en las temperaturas. La varicela es una enfermedad que se presenta sobre todo en los meses cuando empieza a incrementar la temperatura: marzo, abril, mayo y junio\u201d.<\/p>\n<p>Finalmente, reiter\u00f3 que la dependencia mantiene vigilancia epidemiol\u00f3gica sobre los casos registrados en la entidad.<\/p>\n","protected":false},"excerpt":{"rendered":"<p>La secretaria de Salud del estado, Martina P\u00e9rez Rend\u00f3n, inform\u00f3 que en Quer\u00e9taro los casos de varicela se han incrementado hasta en un 71 por ciento en comparaci\u00f3n con el a\u00f1o pasado. Detall\u00f3 que, en lo que va del a\u00f1o, se han registrado 168 casos en la entidad, aunque precis\u00f3 que la vacuna contra esta enfermedad no forma parte del<\/p>\n<div class=\"h10\"><\/div>\n<p><a class=\"more-link2 flat\" href=\"https:\/\/elconspirador.com.mx\/?p=75307\">Leer m\u00e1s<\/a><\/p>\n","protected":false},"author":1,"featured_media":75308,"comment_status":"open","ping_status":"open","sticky":false,"template":"","format":"standard","meta":{"om_disable_all_campaigns":false,"_uf_show_specific_survey":0,"_uf_disable_surveys":false},"categories":[1],"tags":[],"aioseo_notices":[],"_links":{"self":[{"href":"https:\/\/elconspirador.com.mx\/index.php?rest_route=\/wp\/v2\/posts\/75307"}],"collection":[{"href":"https:\/\/elconspirador.com.mx\/index.php?rest_route=\/wp\/v2\/posts"}],"about":[{"href":"https:\/\/elconspirador.com.mx\/index.php?rest_route=\/wp\/v2\/types\/post"}],"author":[{"embeddable":true,"href":"https:\/\/elconspirador.com.mx\/index.php?rest_route=\/wp\/v2\/users\/1"}],"replies":[{"embeddable":true,"href":"https:\/\/elconspirador.com.mx\/index.php?rest_route=%2Fwp%2Fv2%2Fcomments&post=75307"}],"version-history":[{"count":1,"href":"https:\/\/elconspirador.com.mx\/index.php?rest_route=\/wp\/v2\/posts\/75307\/revisions"}],"predecessor-version":[{"id":75309,"href":"https:\/\/elconspirador.com.mx\/index.php?rest_route=\/wp\/v2\/posts\/75307\/revisions\/75309"}],"wp:featuredmedia":[{"embeddable":true,"href":"https:\/\/elconspirador.com.mx\/index.php?rest_route=\/wp\/v2\/media\/75308"}],"wp:attachment":[{"href":"https:\/\/elconspirador.com.mx\/index.php?rest_route=%2Fwp%2Fv2%2Fmedia&parent=75307"}],"wp:term":[{"taxonomy":"category","embeddable":true,"href":"https:\/\/elconspirador.com.mx\/index.php?rest_route=%2Fwp%2Fv2%2Fcategories&post=75307"},{"taxonomy":"post_tag","embeddable":true,"href":"https:\/\/elconspirador.com.mx\/index.php?rest_route=%2Fwp%2Fv2%2Ftags&post=75307"}],"curies":[{"name":"wp","href":"https:\/\/api.w.org\/{rel}","templated":true}]}}