{"id":75310,"date":"2026-03-03T12:22:35","date_gmt":"2026-03-03T18:22:35","guid":{"rendered":"https:\/\/elconspirador.com.mx\/?p=75310"},"modified":"2026-03-03T12:22:35","modified_gmt":"2026-03-03T18:22:35","slug":"kuri-a-favor-de-reforma-electoral-kuri","status":"publish","type":"post","link":"https:\/\/elconspirador.com.mx\/?p=75310","title":{"rendered":"KURI A FAVOR DE REFORMA ELECTORAL: KURI"},"content":{"rendered":"<p>El gobernador de Quer\u00e9taro, Mauricio Kuri Gonz\u00e1lez, afirm\u00f3 que la reforma electoral propuesta a nivel federal ser\u00e1 bien recibida siempre y cuando contribuya a fortalecer la vida democr\u00e1tica del pa\u00eds.<\/p>\n<p>\u201cUna reforma para mejorar siempre es bien recibida y est\u00e1 en manos de la parte legislativa, pero tendr\u00e1n que manejarlo los partidos y los diputados\u201d.<\/p>\n<p>No obstante, el mandatario estatal reconoci\u00f3 que a\u00fan cuenta con informaci\u00f3n limitada sobre el contenido y los alcances de la iniciativa enviada por la presidenta de la Rep\u00fablica, por lo que consider\u00f3 necesario analizarla a fondo antes de fijar una postura definitiva.<\/p>\n<p>\u201cEstuve con el presidente del partido a nivel nacional el s\u00e1bado y domingo, y ellos tienen la intenci\u00f3n de votarla en contra, en lo que han visto, pero falta que la vean de fondo\u201d.<\/p>\n<p>Kuri Gonz\u00e1lez subray\u00f3 que uno de los aspectos m\u00e1s relevantes en cualquier modificaci\u00f3n al sistema electoral debe ser impedir la injerencia del crimen organizado en los procesos democr\u00e1ticos.<\/p>\n<p>Asimismo, al ser cuestionado sobre una posible reducci\u00f3n presupuestal al Instituto Nacional Electoral, indic\u00f3 que no cuenta con todos los elementos para emitir una opini\u00f3n t\u00e9cnica, aunque aclar\u00f3 que no considera como un atentado a la democracia la eventual desaparici\u00f3n de los organismos electorales locales.<\/p>\n<p>El gobernador reiter\u00f3 que el an\u00e1lisis corresponder\u00e1 al \u00e1mbito legislativo y a los partidos pol\u00edticos, quienes deber\u00e1n definir el sentido de su voto una vez que se conozca el contenido completo de la propuesta.<\/p>\n","protected":false},"excerpt":{"rendered":"<p>El gobernador de Quer\u00e9taro, Mauricio Kuri Gonz\u00e1lez, afirm\u00f3 que la reforma electoral propuesta a nivel federal ser\u00e1 bien recibida siempre y cuando contribuya a fortalecer la vida democr\u00e1tica del pa\u00eds. \u201cUna reforma para mejorar siempre es bien recibida y est\u00e1 en manos de la parte legislativa, pero tendr\u00e1n que manejarlo los partidos y los diputados\u201d. No obstante, el mandatario estatal<\/p>\n<div class=\"h10\"><\/div>\n<p><a class=\"more-link2 flat\" href=\"https:\/\/elconspirador.com.mx\/?p=75310\">Leer m\u00e1s<\/a><\/p>\n","protected":false},"author":1,"featured_media":75311,"comment_status":"open","ping_status":"open","sticky":false,"template":"","format":"standard","meta":{"om_disable_all_campaigns":false,"_uf_show_specific_survey":0,"_uf_disable_surveys":false},"categories":[1],"tags":[],"aioseo_notices":[],"_links":{"self":[{"href":"https:\/\/elconspirador.com.mx\/index.php?rest_route=\/wp\/v2\/posts\/75310"}],"collection":[{"href":"https:\/\/elconspirador.com.mx\/index.php?rest_route=\/wp\/v2\/posts"}],"about":[{"href":"https:\/\/elconspirador.com.mx\/index.php?rest_route=\/wp\/v2\/types\/post"}],"author":[{"embeddable":true,"href":"https:\/\/elconspirador.com.mx\/index.php?rest_route=\/wp\/v2\/users\/1"}],"replies":[{"embeddable":true,"href":"https:\/\/elconspirador.com.mx\/index.php?rest_route=%2Fwp%2Fv2%2Fcomments&post=75310"}],"version-history":[{"count":1,"href":"https:\/\/elconspirador.com.mx\/index.php?rest_route=\/wp\/v2\/posts\/75310\/revisions"}],"predecessor-version":[{"id":75312,"href":"https:\/\/elconspirador.com.mx\/index.php?rest_route=\/wp\/v2\/posts\/75310\/revisions\/75312"}],"wp:featuredmedia":[{"embeddable":true,"href":"https:\/\/elconspirador.com.mx\/index.php?rest_route=\/wp\/v2\/media\/75311"}],"wp:attachment":[{"href":"https:\/\/elconspirador.com.mx\/index.php?rest_route=%2Fwp%2Fv2%2Fmedia&parent=75310"}],"wp:term":[{"taxonomy":"category","embeddable":true,"href":"https:\/\/elconspirador.com.mx\/index.php?rest_route=%2Fwp%2Fv2%2Fcategories&post=75310"},{"taxonomy":"post_tag","embeddable":true,"href":"https:\/\/elconspirador.com.mx\/index.php?rest_route=%2Fwp%2Fv2%2Ftags&post=75310"}],"curies":[{"name":"wp","href":"https:\/\/api.w.org\/{rel}","templated":true}]}}